{"id":4538,"date":"2025-04-24T19:07:16","date_gmt":"2025-04-24T17:07:16","guid":{"rendered":"https:\/\/www.metzavelo.fr\/?p=4538"},"modified":"2025-09-18T15:24:13","modified_gmt":"2025-09-18T13:24:13","slug":"bourse-aux-velos-5-au-11-mai-2025-bliiida","status":"publish","type":"post","link":"https:\/\/www.metzavelo.fr\/?p=4538","title":{"rendered":"Bourse aux v\u00e9los &#8211; 5 au 11 Mai 2025 &#8211; Bliiida"},"content":{"rendered":"<p><img fetchpriority=\"high\" decoding=\"async\" width=\"640\" height=\"361\" src=\"https:\/\/www.metzavelo.fr\/wp-content\/uploads\/2025\/04\/492804586_725654640128199_5043103850082736474_n-1024x577.jpg\" alt=\"\" srcset=\"https:\/\/www.metzavelo.fr\/wp-content\/uploads\/2025\/04\/492804586_725654640128199_5043103850082736474_n-1024x577.jpg 1024w, https:\/\/www.metzavelo.fr\/wp-content\/uploads\/2025\/04\/492804586_725654640128199_5043103850082736474_n-300x169.jpg 300w, https:\/\/www.metzavelo.fr\/wp-content\/uploads\/2025\/04\/492804586_725654640128199_5043103850082736474_n-768x433.jpg 768w, https:\/\/www.metzavelo.fr\/wp-content\/uploads\/2025\/04\/492804586_725654640128199_5043103850082736474_n-1536x865.jpg 1536w, https:\/\/www.metzavelo.fr\/wp-content\/uploads\/2025\/04\/492804586_725654640128199_5043103850082736474_n.jpg 1640w\" sizes=\"(max-width: 640px) 100vw, 640px\" \/>\t\t\t\t\t\t\t\t\t\t\t\t\t\t\t<\/p>\n<p>\u00c9v\u00e9nement du r\u00e9emploi devenu incontournable, la prochaine bourse aux v\u00e9los se d\u00e9roulera\u00a0<strong>d<\/strong><b>u lundi 5 au dimanche 11 Mai, \u00e0 Bliiida <\/b>(7 Av. de Blida, 57000 Metz) \u00e0 Metz.<\/p>\n<p>C\u2019est le moment de mettre en vente les v\u00e9los que vous n\u2019utilisez plus et d\u2019acheter le v\u00e9lo qui vous plait !<\/p>\n<h4>P<b>our vendre votre v\u00e9lo :<\/b><\/h4>\n<p>Tous les v\u00e9los en \u00e9tat de fonctionnement sont accept\u00e9s : VTT, route,<br \/>VTC, v\u00e9lo de ville, v\u00e9lo \u00e0 assistance \u00e9lectrique, v\u00e9lo enfants, \u2026<\/p>\n<p>D\u00e9p\u00f4t des v\u00e9los du <b>Lundi 5 au mercredi 7 Mai, et le vendredi 9 Mai, de 17h \u00e0 19h<\/b> :<\/p>\n<p>D\u00e9posez votre v\u00e9lo (co\u00fbt du d\u00e9p\u00f4t 5\u20ac par v\u00e9lo, gratuit pour les adh\u00e9rents Metz \u00e0 V\u00e9lo) \u00e0 Bliiida et fixez son prix de vente.<\/p>\n<p><b>R\u00e9cup\u00e9ration \u00e0 la fin de la bourse le dimanche de 17h \u00e0 18h :<\/b><\/p>\n<p>Venez r\u00e9cup\u00e9rer vos v\u00e9los invendus ou le montant des ventes de vos v\u00e9los.<\/p>\n<h4>Pour acheter un v\u00e9lo :<\/h4>\n<p>La vente au public s\u2019effectuera:<br \/>\u00a0\u00a0\u00a0\u00a0\u00a0 <b>le vendredi 9 Mai de 10h \u00e0 19h<\/b><\/p>\n<p><b>\u00a0 \u00a0 \u00a0 les samedi 10 et dimanche 11 Mai de 10h \u00e0 17h<\/b><\/p>\n<p>Vous pourrez choisir le v\u00e9lo de votre choix, sous les conseils de notre \u00e9quipe de b\u00e9n\u00e9voles, puis l\u2019essayer dans l\u2019enceinte de la cour.<\/p>\n<p><u>R\u00e8glements possibles :<br \/><\/u><\/p>\n<p>ch\u00e8que, esp\u00e8ces ou carte bancaire<\/p>\n<p><u>Marquage Bicycode :<\/u><\/p>\n<p>Afin de limiter le risque de vol de votre nouveau v\u00e9lo, nous vous offrons un bon pour un marquage Bicycode pour tout v\u00e9lo achet\u00e9 au cours de cette bourse.<\/p>\n<p>Le marquage sera \u00e0 r\u00e9aliser gratuitement \u00e0 la Maison du V\u00e9lo, local de l\u2019association Metz \u00e0 V\u00e9lo.<\/p>\n<p>Pour plus de renseignement, vous pouvez contacter l&rsquo;association sur info@metzavelo.fr<\/p>\n\n\n<p><\/p>\n","protected":false},"excerpt":{"rendered":"<p>\u00c9v\u00e9nement du r\u00e9emploi devenu incontournable, la prochaine bourse aux v\u00e9los se d\u00e9roulera\u00a0du lundi 5 au dimanche 11 Mai, \u00e0 Bliiida (7 Av. de Blida, 57000 Metz) \u00e0 Metz. C\u2019est le moment de mettre en vente les v\u00e9los que vous n\u2019utilisez plus et d\u2019acheter le v\u00e9lo qui vous plait ! Pour vendre votre v\u00e9lo : Tous [&hellip;]<\/p>\n","protected":false},"author":64,"featured_media":4539,"comment_status":"closed","ping_status":"open","sticky":false,"template":"","format":"standard","meta":{"footnotes":""},"categories":[17],"tags":[],"class_list":["post-4538","post","type-post","status-publish","format-standard","has-post-thumbnail","hentry","category-evenement"],"_links":{"self":[{"href":"https:\/\/www.metzavelo.fr\/index.php?rest_route=\/wp\/v2\/posts\/4538","targetHints":{"allow":["GET"]}}],"collection":[{"href":"https:\/\/www.metzavelo.fr\/index.php?rest_route=\/wp\/v2\/posts"}],"about":[{"href":"https:\/\/www.metzavelo.fr\/index.php?rest_route=\/wp\/v2\/types\/post"}],"author":[{"embeddable":true,"href":"https:\/\/www.metzavelo.fr\/index.php?rest_route=\/wp\/v2\/users\/64"}],"replies":[{"embeddable":true,"href":"https:\/\/www.metzavelo.fr\/index.php?rest_route=%2Fwp%2Fv2%2Fcomments&post=4538"}],"version-history":[{"count":5,"href":"https:\/\/www.metzavelo.fr\/index.php?rest_route=\/wp\/v2\/posts\/4538\/revisions"}],"predecessor-version":[{"id":4548,"href":"https:\/\/www.metzavelo.fr\/index.php?rest_route=\/wp\/v2\/posts\/4538\/revisions\/4548"}],"wp:featuredmedia":[{"embeddable":true,"href":"https:\/\/www.metzavelo.fr\/index.php?rest_route=\/wp\/v2\/media\/4539"}],"wp:attachment":[{"href":"https:\/\/www.metzavelo.fr\/index.php?rest_route=%2Fwp%2Fv2%2Fmedia&parent=4538"}],"wp:term":[{"taxonomy":"category","embeddable":true,"href":"https:\/\/www.metzavelo.fr\/index.php?rest_route=%2Fwp%2Fv2%2Fcategories&post=4538"},{"taxonomy":"post_tag","embeddable":true,"href":"https:\/\/www.metzavelo.fr\/index.php?rest_route=%2Fwp%2Fv2%2Ftags&post=4538"}],"curies":[{"name":"wp","href":"https:\/\/api.w.org\/{rel}","templated":true}]}}