{"id":4511,"date":"2025-03-31T19:42:04","date_gmt":"2025-03-31T17:42:04","guid":{"rendered":"https:\/\/www.metzavelo.fr\/?p=4511"},"modified":"2025-09-18T15:26:46","modified_gmt":"2025-09-18T13:26:46","slug":"initiation-voyage-a-velo","status":"publish","type":"post","link":"https:\/\/www.metzavelo.fr\/?p=4511","title":{"rendered":"Initiation voyage \u00e0 v\u00e9lo"},"content":{"rendered":"\t\t<div data-elementor-type=\"wp-post\" data-elementor-id=\"4511\" class=\"elementor elementor-4511\" data-elementor-post-type=\"post\">\n\t\t\t\t\t\t<section class=\"elementor-section elementor-top-section elementor-element elementor-element-2c445eb elementor-section-boxed elementor-section-height-default elementor-section-height-default\" data-id=\"2c445eb\" data-element_type=\"section\" data-e-type=\"section\">\n\t\t\t\t\t\t<div class=\"elementor-container elementor-column-gap-default\">\n\t\t\t\t\t<div class=\"elementor-column elementor-col-100 elementor-top-column elementor-element elementor-element-7b00241\" data-id=\"7b00241\" data-element_type=\"column\" data-e-type=\"column\">\n\t\t\t<div class=\"elementor-widget-wrap elementor-element-populated\">\n\t\t\t\t\t\t<div class=\"elementor-element elementor-element-5f0a350 elementor-widget__width-initial elementor-widget elementor-widget-heading\" data-id=\"5f0a350\" data-element_type=\"widget\" data-e-type=\"widget\" data-widget_type=\"heading.default\">\n\t\t\t\t<div class=\"elementor-widget-container\">\n\t\t\t\t\t<h2 class=\"elementor-heading-title elementor-size-default\"><b>INITIATION AU VOYAGE A VELO:<br>Boucle Moselle-Sarre<\/b><\/h2>\t\t\t\t<\/div>\n\t\t\t\t<\/div>\n\t\t\t\t\t<\/div>\n\t\t<\/div>\n\t\t\t\t\t<\/div>\n\t\t<\/section>\n\t\t\t\t<section class=\"elementor-section elementor-top-section elementor-element elementor-element-c899be5 elementor-section-boxed elementor-section-height-default elementor-section-height-default\" data-id=\"c899be5\" data-element_type=\"section\" data-e-type=\"section\">\n\t\t\t\t\t\t<div class=\"elementor-container elementor-column-gap-default\">\n\t\t\t\t\t<div class=\"elementor-column elementor-col-100 elementor-top-column elementor-element elementor-element-3dca04d\" data-id=\"3dca04d\" data-element_type=\"column\" data-e-type=\"column\">\n\t\t\t<div class=\"elementor-widget-wrap elementor-element-populated\">\n\t\t\t\t\t\t<div class=\"elementor-element elementor-element-2ac4c98 elementor-widget elementor-widget-image\" data-id=\"2ac4c98\" data-element_type=\"widget\" data-e-type=\"widget\" data-widget_type=\"image.default\">\n\t\t\t\t<div class=\"elementor-widget-container\">\n\t\t\t\t\t\t\t\t\t\t\t\t\t\t\t<img fetchpriority=\"high\" decoding=\"async\" width=\"724\" height=\"1024\" src=\"https:\/\/www.metzavelo.fr\/wp-content\/uploads\/2025\/03\/Afiche-initiation-voyage-a-velo-724x1024.jpg\" class=\"attachment-large size-large wp-image-4513\" alt=\"\" srcset=\"https:\/\/www.metzavelo.fr\/wp-content\/uploads\/2025\/03\/Afiche-initiation-voyage-a-velo-724x1024.jpg 724w, https:\/\/www.metzavelo.fr\/wp-content\/uploads\/2025\/03\/Afiche-initiation-voyage-a-velo-212x300.jpg 212w, https:\/\/www.metzavelo.fr\/wp-content\/uploads\/2025\/03\/Afiche-initiation-voyage-a-velo-768x1086.jpg 768w, https:\/\/www.metzavelo.fr\/wp-content\/uploads\/2025\/03\/Afiche-initiation-voyage-a-velo-1086x1536.jpg 1086w, https:\/\/www.metzavelo.fr\/wp-content\/uploads\/2025\/03\/Afiche-initiation-voyage-a-velo-1448x2048.jpg 1448w, https:\/\/www.metzavelo.fr\/wp-content\/uploads\/2025\/03\/Afiche-initiation-voyage-a-velo.jpg 1587w\" sizes=\"(max-width: 724px) 100vw, 724px\" \/>\t\t\t\t\t\t\t\t\t\t\t\t\t\t\t<\/div>\n\t\t\t\t<\/div>\n\t\t\t\t\t<\/div>\n\t\t<\/div>\n\t\t\t\t\t<\/div>\n\t\t<\/section>\n\t\t\t\t<section class=\"elementor-section elementor-top-section elementor-element elementor-element-b73b574 elementor-section-boxed elementor-section-height-default elementor-section-height-default\" data-id=\"b73b574\" data-element_type=\"section\" data-e-type=\"section\">\n\t\t\t\t\t\t<div class=\"elementor-container elementor-column-gap-default\">\n\t\t\t\t\t<div class=\"elementor-column elementor-col-100 elementor-top-column elementor-element elementor-element-e59c026\" data-id=\"e59c026\" data-element_type=\"column\" data-e-type=\"column\">\n\t\t\t<div class=\"elementor-widget-wrap elementor-element-populated\">\n\t\t\t\t\t\t<section class=\"elementor-section elementor-inner-section elementor-element elementor-element-1ea7872 elementor-section-boxed elementor-section-height-default elementor-section-height-default\" data-id=\"1ea7872\" data-element_type=\"section\" data-e-type=\"section\">\n\t\t\t\t\t\t<div class=\"elementor-container elementor-column-gap-default\">\n\t\t\t\t\t<div class=\"elementor-column elementor-col-50 elementor-inner-column elementor-element elementor-element-9c0f41a\" data-id=\"9c0f41a\" data-element_type=\"column\" data-e-type=\"column\">\n\t\t\t<div class=\"elementor-widget-wrap\">\n\t\t\t\t\t\t\t<\/div>\n\t\t<\/div>\n\t\t\t\t<div class=\"elementor-column elementor-col-50 elementor-inner-column elementor-element elementor-element-e4ee6fb\" data-id=\"e4ee6fb\" data-element_type=\"column\" data-e-type=\"column\">\n\t\t\t<div class=\"elementor-widget-wrap\">\n\t\t\t\t\t\t\t<\/div>\n\t\t<\/div>\n\t\t\t\t\t<\/div>\n\t\t<\/section>\n\t\t\t\t\t<\/div>\n\t\t<\/div>\n\t\t\t\t\t<\/div>\n\t\t<\/section>\n\t\t\t\t<section class=\"elementor-section elementor-top-section elementor-element elementor-element-7c36d53 elementor-section-boxed elementor-section-height-default elementor-section-height-default\" data-id=\"7c36d53\" data-element_type=\"section\" data-e-type=\"section\">\n\t\t\t\t\t\t<div class=\"elementor-container elementor-column-gap-default\">\n\t\t\t\t\t<div class=\"elementor-column elementor-col-100 elementor-top-column elementor-element elementor-element-db38f4c\" data-id=\"db38f4c\" data-element_type=\"column\" data-e-type=\"column\">\n\t\t\t<div class=\"elementor-widget-wrap elementor-element-populated\">\n\t\t\t\t\t\t<div class=\"elementor-element elementor-element-bd9ed67 elementor-widget elementor-widget-text-editor\" data-id=\"bd9ed67\" data-element_type=\"widget\" data-e-type=\"widget\" data-widget_type=\"text-editor.default\">\n\t\t\t\t<div class=\"elementor-widget-container\">\n\t\t\t\t\t\t\t\t\t<h5><strong>Envie d&rsquo;\u00e9vasion?<\/strong><\/h5><p>\u00a0<\/p><p>Que vous souhaitez d\u00e9couvrir le voyage \u00e0 v\u00e9lo ou que vous y soyez d\u00e9j\u00e0 habitu\u00e9.e, embarquez avec nous pour un p\u00e9riple de <strong>4 jours<\/strong> sur une boucle <strong>le long de la Moselle et de la Sarre.<\/strong><\/p><p>__________________<\/p><p>Du <strong>vendredi 6 juin<\/strong> d\u00e9part dans la matin\u00e9e au <strong>lundi 9 juin<\/strong> (f\u00e9ri\u00e9) arriv\u00e9e fin d&rsquo;A-M\/soir\u00e9e.<\/p><p>\u00a0<\/p><p>Au programme: <strong>264km<\/strong>, dont 180km de pistes cyclables s\u00e9curis\u00e9es.<\/p><p>__________________<\/p><p><span style=\"text-decoration: underline;\">Pour qui?<\/span>\u00a0\u00a0\u00a0\u00a0 Animation tout public, novice ou confirm\u00e9.e, sportif.ve ou non, v\u00e9lo lourd ou l\u00e9ger <strong>tout le monde peut participer.<\/strong><\/p><p>__________________<\/p><p>Environ <strong>50 \u00e0 60km par jour.<\/strong><\/p><p>Difficult\u00e9 estim\u00e9e: 3\/10.<\/p><p>_____<\/p><p>Points d\u2019int\u00e9r\u00eats:<\/p><p>&#8211; <strong>Rodemack<\/strong>, cit\u00e9 m\u00e9di\u00e9vale<\/p><p>&#8211; <strong>Tr\u00e8ves<\/strong> (all), cit\u00e9 romaine<\/p><p>&#8211; <strong>Sarrebourg<\/strong> (all), La Petite Venise<\/p><p>&#8211; <strong>Mettlach<\/strong> (all), La Boucle de la Sarre<\/p><p>&#8211; <strong>Manderen<\/strong>, Ch\u00e2teau de Malbrouck<\/p><p>_____<\/p><p>Parcours <strong>plat et le long de l&rsquo;eau dans sa globalit\u00e9<\/strong> m\u00eame si quelques pentes sont possibles. Quelques c\u00f4tes pour aller visiter le village de <strong>Rodemack<\/strong>.<\/p><p>La <strong>difficult\u00e9 majeure<\/strong> du p\u00e9riple se trouve \u00e0 <strong>Mettlach<\/strong> pour voir la <strong>Boucle de la Sarre<\/strong>, grosse mont\u00e9e sur 3-4km, <strong>on va faire chauffer les guiboles!!<\/strong><\/p><p>Chacun \u00e0 son rythme <strong>vous y arriverez<\/strong>, m\u00eame \u00e0 pieds! L&rsquo;effort sera vite oubli\u00e9 avec la vue offerte en haut.<\/p><p>________________<\/p><p>Nombreuses <strong>gares<\/strong> pr\u00e9sentent le long du parcours, possibilit\u00e9 de raccourcir facilement si imp\u00e9ratif ou autre.<\/p><p>\u00a0<\/p><p>Voyage en <strong>autonomie<\/strong>: chacun son v\u00e9lo, ses sacoches et ses bagages.<\/p><p>_________________<\/p><p><span style=\"text-decoration: underline;\">Quel v\u00e9lo?<\/span>\u00a0\u00a0\u00a0 Accessible \u00e0 tous type de v\u00e9lo, route, gravel, vtc, vtt&#8230;<\/p><p>99% goudronn\u00e9e.<\/p><p>__________________<\/p><p>Nuit en <strong>camping<\/strong>.<\/p><p>\u00a0<\/p><p>Possibilit\u00e9 de pr\u00eat de mat\u00e9riel de camping (tente, matelas, sac couchage, popote (possible de faire sans)), nous ferons de notre mieux pour trouver mais ce n&rsquo;est pas garantit!<\/p><p>_____<\/p><p>Location de v\u00e9los et sacoches possible aupr\u00e8s de <strong>Divotour Biking.<\/strong><\/p><p>_____<\/p><p><strong>R\u00e9union d&rsquo;information<\/strong> \u00e0 la maison du v\u00e9lo le samedi 3 mai \u00e0 10h00: faire connaissance, pr\u00e9sentation du parcours, d\u00e9finir les \u00e9tapes, un point sur le mat\u00e9riel, questions diverses&#8230;<\/p><p>______________________________________________________<\/p><p><span style=\"text-decoration: underline;\"><strong>L&rsquo;inscription est OBLIGATOIRE!<\/strong><\/span><\/p><p>Pour des raisons d&rsquo;organisation le nombre de places est limit\u00e9, <strong>10-15 places max!<\/strong><\/p><p>______________________________________________________<\/p><p>Participation de<strong> 30\u20ac<\/strong> demand\u00e9e, un repas compris durant le p\u00e9riple.<\/p><p>_______<\/p><p>Un lien vers le paiement vous sera communiqu\u00e9 une fois votre inscription valid\u00e9e.<\/p><p>\u00a0<\/p><p>Repas et camping \u00e0 la charge de chacun.<\/p><p>\u00a0<\/p><p>Une personne par inscription. Si plusieurs remplir le formulaire autant de fois que de participant.<\/p><p>\u00a0<\/p><p>___________________<\/p><p><strong>Lien vers le formulaire d&rsquo;inscription:<\/strong><\/p><p><a href=\"https:\/\/urlr.me\/XV5Kr4\">https:\/\/urlr.me\/XV5Kr4<\/a><\/p><p>_____________________________________________________________<\/p><p>Pour plus d&rsquo;information: <strong>atelier@metzavelo.fr<\/strong>\u00a0 ou\u00a0 <strong>03 55 80 92 91<\/strong><\/p><p><strong>A bient\u00f4t \u00e0 v\u00e9lo!<\/strong><\/p>\t\t\t\t\t\t\t\t<\/div>\n\t\t\t\t<\/div>\n\t\t\t\t\t<\/div>\n\t\t<\/div>\n\t\t\t\t\t<\/div>\n\t\t<\/section>\n\t\t\t\t<\/div>\n\t\t","protected":false},"excerpt":{"rendered":"<p>INITIATION AU VOYAGE A VELO:Boucle Moselle-Sarre Envie d&rsquo;\u00e9vasion? \u00a0 Que vous souhaitez d\u00e9couvrir le voyage \u00e0 v\u00e9lo ou que vous y soyez d\u00e9j\u00e0 habitu\u00e9.e, embarquez avec nous pour un p\u00e9riple de 4 jours sur une boucle le long de la Moselle et de la Sarre. __________________ Du vendredi 6 juin d\u00e9part dans la matin\u00e9e au [&hellip;]<\/p>\n","protected":false},"author":61,"featured_media":4513,"comment_status":"closed","ping_status":"open","sticky":false,"template":"","format":"standard","meta":{"footnotes":""},"categories":[10],"tags":[],"class_list":["post-4511","post","type-post","status-publish","format-standard","has-post-thumbnail","hentry","category-velo-a-metz"],"_links":{"self":[{"href":"https:\/\/www.metzavelo.fr\/index.php?rest_route=\/wp\/v2\/posts\/4511","targetHints":{"allow":["GET"]}}],"collection":[{"href":"https:\/\/www.metzavelo.fr\/index.php?rest_route=\/wp\/v2\/posts"}],"about":[{"href":"https:\/\/www.metzavelo.fr\/index.php?rest_route=\/wp\/v2\/types\/post"}],"author":[{"embeddable":true,"href":"https:\/\/www.metzavelo.fr\/index.php?rest_route=\/wp\/v2\/users\/61"}],"replies":[{"embeddable":true,"href":"https:\/\/www.metzavelo.fr\/index.php?rest_route=%2Fwp%2Fv2%2Fcomments&post=4511"}],"version-history":[{"count":4,"href":"https:\/\/www.metzavelo.fr\/index.php?rest_route=\/wp\/v2\/posts\/4511\/revisions"}],"predecessor-version":[{"id":4518,"href":"https:\/\/www.metzavelo.fr\/index.php?rest_route=\/wp\/v2\/posts\/4511\/revisions\/4518"}],"wp:featuredmedia":[{"embeddable":true,"href":"https:\/\/www.metzavelo.fr\/index.php?rest_route=\/wp\/v2\/media\/4513"}],"wp:attachment":[{"href":"https:\/\/www.metzavelo.fr\/index.php?rest_route=%2Fwp%2Fv2%2Fmedia&parent=4511"}],"wp:term":[{"taxonomy":"category","embeddable":true,"href":"https:\/\/www.metzavelo.fr\/index.php?rest_route=%2Fwp%2Fv2%2Fcategories&post=4511"},{"taxonomy":"post_tag","embeddable":true,"href":"https:\/\/www.metzavelo.fr\/index.php?rest_route=%2Fwp%2Fv2%2Ftags&post=4511"}],"curies":[{"name":"wp","href":"https:\/\/api.w.org\/{rel}","templated":true}]}}