{"id":3946,"date":"2023-11-30T17:05:14","date_gmt":"2023-11-30T16:05:14","guid":{"rendered":"https:\/\/www.metzavelo.fr\/?p=3946"},"modified":"2023-12-16T14:01:25","modified_gmt":"2023-12-16T13:01:25","slug":"3946-2","status":"publish","type":"post","link":"https:\/\/www.metzavelo.fr\/?p=3946","title":{"rendered":"PARADE DE NO\u00cbL 2023 V\u00c9LO VIN CHAUD"},"content":{"rendered":"<p>Parade de No\u00ebl 2023 &#8211; V\u00e9lo vin chaud &#8211; vendredi 8 d\u00e9cembre \u00e0 19h00<\/p>\n<p>&nbsp; &nbsp; &nbsp; &nbsp; &nbsp; &nbsp;&nbsp;<\/p>\n<p><strong>Cher(e)s Ami(e)s cyclistes,<\/strong><\/p>\n<p><strong>Vendredi 8&nbsp;d\u00e9cembre 2023&nbsp;&#8211; 19h00 Maison du v\u00e9lo<\/strong><\/p>\n<p>Rendez-vous avec vos v\u00e9los enguirland\u00e9s,&nbsp;vos bonnets, habits de No\u00ebl, de la musique,&nbsp;pour la parade de No\u00ebl \u00e0 travers le centre ville de Metz pour un parcours d&rsquo;environ&nbsp;8 kms,&nbsp;afin de donner une ambiance festive et conviviale dans la bonne humeur&#8230;<\/p>\n<p><strong>L&rsquo;itin\u00e9raire convient parfaitement aux enfants.<\/strong><\/p>\n<p>Surtout n&rsquo;oubliez pas de vous couvrir, gants, tour de cou, couvre oreilles, afin de ne pas attraper froid.<\/p>\n<p>&#8211; &nbsp;&nbsp;18h45&nbsp;: Rendez-vous \u00e0 la maison du v\u00e9lo, 3 avenue&nbsp;Leclerc-de Hauteclocque &#8211; Metz<\/p>\n<p>&#8211; &nbsp;&nbsp;19h00&nbsp;: D\u00e9part de la parade de No\u00ebl<\/p>\n<p>&#8211; &nbsp;&nbsp;20h00&nbsp;: Retour \u00e0 la maison du v\u00e9lo<\/p>\n<p>Nous nous retrouverons \u00e0 la fin de la parade \u00e0 la Maison du V\u00e9lo,<br \/>pour se r\u00e9chauffer avec un bon vin chaud, ainsi que des&nbsp;cr\u00eapes&#8230;<br \/>Bien sur il y aura \u00e9galement des jus de fruits&#8230;&nbsp;<\/p>\n<p><strong>Pour vous inscrire, c&rsquo;est ici :&nbsp;<\/strong><a href=\"https:\/\/urlr.me\/vShNJ\" target=\"_blank\" rel=\"noopener\">https:\/\/urlr.me\/vShNJ<\/a><\/p>\n<p><strong>Inscription imp\u00e9rative pour une bonne organisation.<\/strong><\/p>\n<p>Plus de d\u00e9tails du circuit :&nbsp;<a href=\"https:\/\/www.routeyou.com\/fr-fr\/route\/view\/13836557\/piste-velo-recreative\/parade-de-noel-2023-velo-vin-chaud-vendredi-8-decembre-2023\" target=\"_blank\" rel=\"noopener\">https:\/\/www.routeyou.com\/fr-fr\/route\/view\/13836557\/piste-velo-recreative\/parade-de-noel-2023-velo-vin-chaud-vendredi-8-decembre-2023<\/a><\/p>\n","protected":false},"excerpt":{"rendered":"<p>Parade de No\u00ebl 2023 &#8211; V\u00e9lo vin chaud &#8211; vendredi 8 d\u00e9cembre \u00e0 19h00 &nbsp; &nbsp; &nbsp; &nbsp; &nbsp; &nbsp;&nbsp; Cher(e)s Ami(e)s cyclistes, Vendredi 8&nbsp;d\u00e9cembre 2023&nbsp;&#8211; 19h00 Maison du v\u00e9lo Rendez-vous avec vos v\u00e9los enguirland\u00e9s,&nbsp;vos bonnets, habits de No\u00ebl, de la musique,&nbsp;pour la parade de No\u00ebl \u00e0 travers le centre ville de Metz pour un [&hellip;]<\/p>\n","protected":false},"author":63,"featured_media":0,"comment_status":"closed","ping_status":"open","sticky":false,"template":"","format":"standard","meta":{"footnotes":""},"categories":[9],"tags":[],"class_list":["post-3946","post","type-post","status-publish","format-standard","hentry","category-balades"],"_links":{"self":[{"href":"https:\/\/www.metzavelo.fr\/index.php?rest_route=\/wp\/v2\/posts\/3946","targetHints":{"allow":["GET"]}}],"collection":[{"href":"https:\/\/www.metzavelo.fr\/index.php?rest_route=\/wp\/v2\/posts"}],"about":[{"href":"https:\/\/www.metzavelo.fr\/index.php?rest_route=\/wp\/v2\/types\/post"}],"author":[{"embeddable":true,"href":"https:\/\/www.metzavelo.fr\/index.php?rest_route=\/wp\/v2\/users\/63"}],"replies":[{"embeddable":true,"href":"https:\/\/www.metzavelo.fr\/index.php?rest_route=%2Fwp%2Fv2%2Fcomments&post=3946"}],"version-history":[{"count":74,"href":"https:\/\/www.metzavelo.fr\/index.php?rest_route=\/wp\/v2\/posts\/3946\/revisions"}],"predecessor-version":[{"id":4027,"href":"https:\/\/www.metzavelo.fr\/index.php?rest_route=\/wp\/v2\/posts\/3946\/revisions\/4027"}],"wp:attachment":[{"href":"https:\/\/www.metzavelo.fr\/index.php?rest_route=%2Fwp%2Fv2%2Fmedia&parent=3946"}],"wp:term":[{"taxonomy":"category","embeddable":true,"href":"https:\/\/www.metzavelo.fr\/index.php?rest_route=%2Fwp%2Fv2%2Fcategories&post=3946"},{"taxonomy":"post_tag","embeddable":true,"href":"https:\/\/www.metzavelo.fr\/index.php?rest_route=%2Fwp%2Fv2%2Ftags&post=3946"}],"curies":[{"name":"wp","href":"https:\/\/api.w.org\/{rel}","templated":true}]}}