{"id":3929,"date":"2023-11-26T14:24:11","date_gmt":"2023-11-26T13:24:11","guid":{"rendered":"https:\/\/www.metzavelo.fr\/?p=3929"},"modified":"2023-12-16T14:01:44","modified_gmt":"2023-12-16T13:01:44","slug":"visite-de-la-ville-de-metz-a-velo-par-les-pistes-cyclables","status":"publish","type":"post","link":"https:\/\/www.metzavelo.fr\/?p=3929","title":{"rendered":"Visite de la Ville de Metz \u00e0 v\u00e9lo par les pistes cyclables"},"content":{"rendered":"\t\t<div data-elementor-type=\"wp-post\" data-elementor-id=\"3929\" class=\"elementor elementor-3929\" data-elementor-post-type=\"post\">\n\t\t\t\t\t\t<section class=\"elementor-section elementor-top-section elementor-element elementor-element-50433525 elementor-section-boxed elementor-section-height-default elementor-section-height-default\" data-id=\"50433525\" data-element_type=\"section\" data-e-type=\"section\">\n\t\t\t\t\t\t<div class=\"elementor-container elementor-column-gap-default\">\n\t\t\t\t\t<div class=\"elementor-column elementor-col-100 elementor-top-column elementor-element elementor-element-7c74c9bc\" data-id=\"7c74c9bc\" data-element_type=\"column\" data-e-type=\"column\">\n\t\t\t<div class=\"elementor-widget-wrap elementor-element-populated\">\n\t\t\t\t\t\t<div class=\"elementor-element elementor-element-5cb6a2fa elementor-widget elementor-widget-text-editor\" data-id=\"5cb6a2fa\" data-element_type=\"widget\" data-e-type=\"widget\" data-widget_type=\"text-editor.default\">\n\t\t\t\t<div class=\"elementor-widget-container\">\n\t\t\t\t\t\t\t\t\t<p><\/p>\n<p><strong>Dimanche 3 d\u00e9cembre 2023 \u00e0 15h00<\/strong><\/p>\n<p><strong>\u00a0<\/strong><\/p>\n<p><\/p>\n<p><\/p>\n<p><strong>Cher(e)s Ami(e)s cyclistes,<\/strong><\/p>\n<p><strong>\u00a0<\/strong><\/p>\n<p>Dimanche 3 d\u00e9cembre 2023, Metz \u00e0 V\u00e9lo vous propose une balade familiale de 11,8 kms sans difficult\u00e9 pour d\u00e9couvrir les principaux monuments de la Ville de Metz \u00e0 v\u00e9lo par les pistes cyclables.\u00a0<\/p>\n<p><\/p>\n<p><\/p>\n<p>D\u00e9part \u00e0 la Maison du v\u00e9lo, 3 avenue Leclerc de Hauteclocque 57000 Metz, par le boulevard Poincar\u00e9 pour aller au quai des r\u00e9gates, la rue des roches, la place de la Com\u00e9die, l&rsquo;Op\u00e9ra, le Temple Neuf, la rue Belle-Isle, le temple de garnison, la basilique Saint Vincent, l&rsquo;\u00e9glise Saint Cl\u00e9ment, chemin des corporations, les remparts, la porte des Allemands, direction les Ar\u00e8nes, le Centre Pompidou, la Gare, la Porte Serpenoise, le Palais du Gouverneur, l&rsquo;Arsenal, l&rsquo;Esplanade, l&rsquo;Eglise Saint Pierre aux Nonnains, le Tribunal, la rue des Clercs, la place d&rsquo;Armes, l&rsquo;H\u00f4tel de Ville, la Cath\u00e9drale, le march\u00e9 couvert, retour \u00e0 la maison du v\u00e9lo par le boulevard Poincar\u00e9.- \u00a0\u00a0<\/p>\n<p><\/p>\n<p><\/p>\n<p>\u00a0<\/p>\n<p>14h30\u00a0: Possibilit\u00e9 de pr\u00eat de v\u00e9lo<\/p>\n<p>\u00a0 \u00a0 \u00a0 \u00a0 \u00a0 \u00a0 \u00a0 R\u00e9servez d\u00e8s \u00e0 pr\u00e9sent votre v\u00e9lo \u00e0 l&rsquo;adresse :\u00a0<a href=\"mailto:balades@metzavelo.fr\" target=\"_blank\" rel=\"noreferrer noopener\">balades@metzavelo.fr<\/a><span style=\"color: var( --e-global-color-text ); font-family: var( --e-global-typography-text-font-family ), Sans-serif;\">\u00a0<\/span><\/p>\n<p><\/p>\n<p><\/p>\n<p>14h45\u00a0: Rendez-vous \u00e0 la maison du v\u00e9lo\u00a0avec votre v\u00e9lo,\u00a0<\/p>\n<p>\u00a0 \u00a0 \u00a0 \u00a0 \u00a0 \u00a0 \u00a0 3 avenue Leclerc de Hauteclocque &#8211; Metz\u00a0<\/p>\n<p><\/p>\n<p><\/p>\n<p>15h00\u00a0:\u00a0<span style=\"color: var( --e-global-color-text ); font-family: var( --e-global-typography-text-font-family ), Sans-serif;\">D\u00e9part Maison du V\u00e9lo \u00a0\u00a0<\/span><\/p>\n<p><\/p>\n<p><\/p>\n<p>17h00\u00a0: Retour \u00e0 la maison du v\u00e9lo<\/p>\n<p>\u00a0<\/p>\n<p>Plus de d\u00e9tails du circuit :\u00a0<\/p>\n<p><\/p>\n<p><\/p>\n<figure class=\"wp-block-embed\">\n<div class=\"wp-block-embed__wrapper\"><a href=\"https:\/\/www.routeyou.com\/fr-fr\/route\/view\/13744670\/piste-velo-recreative\/visite-de-la-ville-de-metz-par-les-pistes-cyclables\" target=\"_blank\" rel=\"noopener\">https:\/\/www.routeyou.com\/fr-fr\/route\/view\/13744670\/piste-velo-recreative\/visite-de-la-ville-de-metz-par-les-pistes-cyclables<\/a><\/div>\n<\/figure>\n<p><\/p>\t\t\t\t\t\t\t\t<\/div>\n\t\t\t\t<\/div>\n\t\t\t\t\t<\/div>\n\t\t<\/div>\n\t\t\t\t\t<\/div>\n\t\t<\/section>\n\t\t\t\t<section class=\"elementor-section elementor-top-section elementor-element elementor-element-861ee25 elementor-section-boxed elementor-section-height-default elementor-section-height-default\" data-id=\"861ee25\" data-element_type=\"section\" data-e-type=\"section\">\n\t\t\t\t\t\t<div class=\"elementor-container elementor-column-gap-default\">\n\t\t\t\t\t<div class=\"elementor-column elementor-col-100 elementor-top-column elementor-element elementor-element-fb0cb6d\" data-id=\"fb0cb6d\" data-element_type=\"column\" data-e-type=\"column\">\n\t\t\t<div class=\"elementor-widget-wrap elementor-element-populated\">\n\t\t\t\t\t\t<div class=\"elementor-element elementor-element-c19747c elementor-widget elementor-widget-image\" data-id=\"c19747c\" data-element_type=\"widget\" data-e-type=\"widget\" data-widget_type=\"image.default\">\n\t\t\t\t<div class=\"elementor-widget-container\">\n\t\t\t\t\t\t\t\t\t\t\t\t\t\t\t<img fetchpriority=\"high\" decoding=\"async\" width=\"800\" height=\"550\" src=\"https:\/\/www.metzavelo.fr\/wp-content\/uploads\/2023\/11\/Visite-de-la-Ville-de-Metz-a-velo-par-les-pistes-cyclables-2-1024x704.png\" class=\"attachment-large size-large wp-image-3937\" alt=\"\" srcset=\"https:\/\/www.metzavelo.fr\/wp-content\/uploads\/2023\/11\/Visite-de-la-Ville-de-Metz-a-velo-par-les-pistes-cyclables-2-1024x704.png 1024w, https:\/\/www.metzavelo.fr\/wp-content\/uploads\/2023\/11\/Visite-de-la-Ville-de-Metz-a-velo-par-les-pistes-cyclables-2-300x206.png 300w, https:\/\/www.metzavelo.fr\/wp-content\/uploads\/2023\/11\/Visite-de-la-Ville-de-Metz-a-velo-par-les-pistes-cyclables-2-768x528.png 768w, https:\/\/www.metzavelo.fr\/wp-content\/uploads\/2023\/11\/Visite-de-la-Ville-de-Metz-a-velo-par-les-pistes-cyclables-2-1536x1056.png 1536w, https:\/\/www.metzavelo.fr\/wp-content\/uploads\/2023\/11\/Visite-de-la-Ville-de-Metz-a-velo-par-les-pistes-cyclables-2.png 1568w\" sizes=\"(max-width: 800px) 100vw, 800px\" \/>\t\t\t\t\t\t\t\t\t\t\t\t\t\t\t<\/div>\n\t\t\t\t<\/div>\n\t\t\t\t\t<\/div>\n\t\t<\/div>\n\t\t\t\t\t<\/div>\n\t\t<\/section>\n\t\t\t\t<\/div>\n\t\t","protected":false},"excerpt":{"rendered":"<p>Dimanche 3 d\u00e9cembre 2023 \u00e0 15h00 \u00a0 Cher(e)s Ami(e)s cyclistes, \u00a0 Dimanche 3 d\u00e9cembre 2023, Metz \u00e0 V\u00e9lo vous propose une balade familiale de 11,8 kms sans difficult\u00e9 pour d\u00e9couvrir les principaux monuments de la Ville de Metz \u00e0 v\u00e9lo par les pistes cyclables.\u00a0 D\u00e9part \u00e0 la Maison du v\u00e9lo, 3 avenue Leclerc de Hauteclocque [&hellip;]<\/p>\n","protected":false},"author":63,"featured_media":3930,"comment_status":"closed","ping_status":"open","sticky":false,"template":"","format":"standard","meta":{"footnotes":""},"categories":[9],"tags":[],"class_list":["post-3929","post","type-post","status-publish","format-standard","has-post-thumbnail","hentry","category-balades"],"_links":{"self":[{"href":"https:\/\/www.metzavelo.fr\/index.php?rest_route=\/wp\/v2\/posts\/3929","targetHints":{"allow":["GET"]}}],"collection":[{"href":"https:\/\/www.metzavelo.fr\/index.php?rest_route=\/wp\/v2\/posts"}],"about":[{"href":"https:\/\/www.metzavelo.fr\/index.php?rest_route=\/wp\/v2\/types\/post"}],"author":[{"embeddable":true,"href":"https:\/\/www.metzavelo.fr\/index.php?rest_route=\/wp\/v2\/users\/63"}],"replies":[{"embeddable":true,"href":"https:\/\/www.metzavelo.fr\/index.php?rest_route=%2Fwp%2Fv2%2Fcomments&post=3929"}],"version-history":[{"count":8,"href":"https:\/\/www.metzavelo.fr\/index.php?rest_route=\/wp\/v2\/posts\/3929\/revisions"}],"predecessor-version":[{"id":3940,"href":"https:\/\/www.metzavelo.fr\/index.php?rest_route=\/wp\/v2\/posts\/3929\/revisions\/3940"}],"wp:featuredmedia":[{"embeddable":true,"href":"https:\/\/www.metzavelo.fr\/index.php?rest_route=\/wp\/v2\/media\/3930"}],"wp:attachment":[{"href":"https:\/\/www.metzavelo.fr\/index.php?rest_route=%2Fwp%2Fv2%2Fmedia&parent=3929"}],"wp:term":[{"taxonomy":"category","embeddable":true,"href":"https:\/\/www.metzavelo.fr\/index.php?rest_route=%2Fwp%2Fv2%2Fcategories&post=3929"},{"taxonomy":"post_tag","embeddable":true,"href":"https:\/\/www.metzavelo.fr\/index.php?rest_route=%2Fwp%2Fv2%2Ftags&post=3929"}],"curies":[{"name":"wp","href":"https:\/\/api.w.org\/{rel}","templated":true}]}}