{"id":3873,"date":"2023-11-10T16:02:21","date_gmt":"2023-11-10T15:02:21","guid":{"rendered":"https:\/\/www.metzavelo.fr\/?p=3873"},"modified":"2025-09-18T15:25:52","modified_gmt":"2025-09-18T13:25:52","slug":"week-end-des-jours-heureux","status":"publish","type":"post","link":"https:\/\/www.metzavelo.fr\/?p=3873","title":{"rendered":"WEEK END des Jours Heureux"},"content":{"rendered":"\t\t<div data-elementor-type=\"wp-post\" data-elementor-id=\"3873\" class=\"elementor elementor-3873\" data-elementor-post-type=\"post\">\n\t\t\t\t\t\t<section class=\"elementor-section elementor-top-section elementor-element elementor-element-56063349 elementor-section-boxed elementor-section-height-default elementor-section-height-default\" data-id=\"56063349\" data-element_type=\"section\" data-e-type=\"section\">\n\t\t\t\t\t\t<div class=\"elementor-container elementor-column-gap-default\">\n\t\t\t\t\t<div class=\"elementor-column elementor-col-100 elementor-top-column elementor-element elementor-element-3af967ed\" data-id=\"3af967ed\" data-element_type=\"column\" data-e-type=\"column\">\n\t\t\t<div class=\"elementor-widget-wrap elementor-element-populated\">\n\t\t\t\t\t\t<div class=\"elementor-element elementor-element-3fedff34 elementor-widget elementor-widget-text-editor\" data-id=\"3fedff34\" data-element_type=\"widget\" data-e-type=\"widget\" data-widget_type=\"text-editor.default\">\n\t\t\t\t<div class=\"elementor-widget-container\">\n\t\t\t\t\t\t\t\t\t<p><\/p>\n<p>Dans le cadre des Jours Heureux propos\u00e9s par le r\u00e9seau de \u201cl\u2019Heureux Cyclage\u201d, et en lien avec la Semaine Europ\u00e9enne de R\u00e9duction des D\u00e9chets, Metz \u00e0 V\u00e9lo organise le Weekend des Jours Heureux les samedi 18 et dimanche 19 novembre (programme plus bas)<\/p>\n<p><\/p>\n<p><\/p>\n<p>Qu&rsquo;est ce que le r\u00e9seau de l&rsquo;Heureux Cyclage:<\/p>\n<p><\/p>\n<p><\/p>\n<h3 class=\"wp-block-heading\">Les actions du r\u00e9seau<\/h3>\n<p><\/p>\n<p><\/p>\n<h4 class=\"wp-block-heading\">L\u2019appui \u00e0 la gestion des ateliers<\/h4>\n<p><\/p>\n<p><\/p>\n<ul class=\"wp-block-list\">\n<li style=\"list-style-type: none;\">\n<ul><\/ul>\n<\/li>\n<\/ul>\n<ul>\n<li style=\"list-style-type: none;\">\n<ul>\n<li>L\u2019organisation de formations<\/li>\n<\/ul>\n<\/li>\n<\/ul>\n<p><\/p>\n<p><\/p>\n<ul>\n<li style=\"list-style-type: none;\">\n<ul>\n<li>Appui logistique et technique<\/li>\n<\/ul>\n<\/li>\n<\/ul>\n<p><\/p>\n<p><\/p>\n<p><\/p>\n<h4 class=\"wp-block-heading\">L\u2019appui \u00e0 la coop\u00e9ration entre les ateliers<\/h4>\n<p><\/p>\n<p><\/p>\n<ul class=\"wp-block-list\">\n<li style=\"list-style-type: none;\">\n<ul><\/ul>\n<\/li>\n<\/ul>\n<ul>\n<li style=\"list-style-type: none;\">\n<ul>\n<li>Coordination et coop\u00e9rations territoriales ou Territorialisation<\/li>\n<\/ul>\n<\/li>\n<\/ul>\n<p><\/p>\n<p><\/p>\n<ul>\n<li style=\"list-style-type: none;\">\n<ul>\n<li>Partage d\u2019informations et retours d\u2019exp\u00e9riences<\/li>\n<\/ul>\n<\/li>\n<\/ul>\n<p><\/p>\n<p><\/p>\n<ul>\n<li style=\"list-style-type: none;\">\n<ul>\n<li>Rencontres nationales<\/li>\n<\/ul>\n<\/li>\n<\/ul>\n<p><\/p>\n<p><\/p>\n<ul>\n<li style=\"list-style-type: none;\">\n<ul>\n<li>Accueil de cyclo-voyageurs<\/li>\n<\/ul>\n<\/li>\n<\/ul>\n<p><\/p>\n<p><\/p>\n<p><\/p>\n<h4 class=\"wp-block-heading\">Les initiatives et actions au nom du r\u00e9seau<\/h4>\n<p><\/p>\n<p><\/p>\n<ul class=\"wp-block-list\">\n<li style=\"list-style-type: none;\">\n<ul><\/ul>\n<\/li>\n<\/ul>\n<ul>\n<li style=\"list-style-type: none;\">\n<ul>\n<li>Repr\u00e9sentation des ateliers, partenariats et communication au grand public<\/li>\n<\/ul>\n<\/li>\n<\/ul>\n<p><\/p>\n<p><\/p>\n<ul>\n<li style=\"list-style-type: none;\">\n<ul>\n<li>Communication du r\u00e9seau<\/li>\n<\/ul>\n<\/li>\n<\/ul>\n<p><\/p>\n<p><\/p>\n<ul>\n<li style=\"list-style-type: none;\">\n<ul>\n<li>\u00c9tudes et Panorama<\/li>\n<\/ul>\n<\/li>\n<\/ul>\n<p><\/p>\n<p><\/p>\n<ul>\n<li style=\"list-style-type: none;\">\n<ul>\n<li>Veille et recensement<\/li>\n<\/ul>\n<\/li>\n<\/ul>\n<p><\/p>\n<p><\/p>\n<ul>\n<li style=\"list-style-type: none;\">\n<ul>\n<li>Lutte contre le sexisme<\/li>\n<\/ul>\n<\/li>\n<\/ul>\n<p><\/p>\n<p><\/p>\n<p><\/p>\n<p>Les Jours Heureux Cyclage sont l\u2019occasion de mettre en valeur les actions des ateliers v\u00e9lo participatifs et solidaires qui pratiquent toute l\u2019ann\u00e9e la r\u00e9cup\u00e9ration, la r\u00e9paration et le r\u00e9emploi, \u00e0 travers des \u00e9v\u00e9nements conviviaux, festifs et locaux. En France, 1,5 millions de v\u00e9los sont d\u00e9truits chaque ann\u00e9e alors que 75% sont encore r\u00e9parables. C\u2018est en cela que Les Jours Heureux Cyclage s\u2018inscrivent dans la Semaine Europ\u00e9enne de la R\u00e9duction des D\u00e9chets.<\/p>\n<p><\/p>\n<p><\/p>\n<p>PROGRAMME DES ANIMATIONS<\/p>\n<p><\/p>\n<p><\/p>\n<p>Participation prix libre afin de financer le r\u00e9seau de l&rsquo;Heureux Cyclage, 50% de la recette leur sera revers\u00e9e<\/p>\n<p><\/p>\n<p><\/p>\n<figure><img decoding=\"async\" src=\"https:\/\/www.metzavelo.fr\/wp-content\/uploads\/2023\/11\/programme-jours-heureux-1-724x1024.jpg\" alt=\"\" \/><\/figure>\n<p><\/p>\n<p><\/p>\n<p><strong>\u00a0<\/strong><\/p>\n<p><strong>SAMEDI 18 novembre \u00e0 13H, BALADE <br \/><\/strong><\/p>\n<p><strong>\u00a0<\/strong><\/p>\n<p><\/p>\n<p><\/p>\n<p>Rejoignez nous pour une balade th\u00e9matique d&rsquo;environ 35 km \u00e0 la d\u00e9couverte des lieux de r\u00e9emploi et recyclage de Metz et alentours.<\/p>\n<p><\/p>\n<p><\/p>\n<p>Nous ferons \u00e9tape \u00e0 la <a href=\"https:\/\/www.facebook.com\/trucotheque.bellecroix?__cft__[0]=AZXgU5VeSwBKA_jl_rSyEsNtwaWCq_n-8xV9OJ01bQ4EZcRGem0OhqoMrWtnaLu80Rf8Egx48-ZtWC1btf2q2uJxi8b6jtbt_U327W7Cbz6Bo2_Q-owHCI7pYvMda3i0TVhkLwCeczgw8X35IycAD8sn1LOIR3aYRtAFQFXkQh6zBQ_Fui9TOnZA5HsexLqSKPg&amp;__tn__=-]K-R\">Trucoth\u00e8que Metz-Bellecroix<\/a>, <a href=\"https:\/\/www.facebook.com\/larecycleriedusportlorraine?__cft__[0]=AZXgU5VeSwBKA_jl_rSyEsNtwaWCq_n-8xV9OJ01bQ4EZcRGem0OhqoMrWtnaLu80Rf8Egx48-ZtWC1btf2q2uJxi8b6jtbt_U327W7Cbz6Bo2_Q-owHCI7pYvMda3i0TVhkLwCeczgw8X35IycAD8sn1LOIR3aYRtAFQFXkQh6zBQ_Fui9TOnZA5HsexLqSKPg&amp;__tn__=-]K-R\">La Recyclerie du Sport Lorraine<\/a>, <a href=\"https:\/\/www.facebook.com\/graoultrirecyclerie?__cft__[0]=AZXgU5VeSwBKA_jl_rSyEsNtwaWCq_n-8xV9OJ01bQ4EZcRGem0OhqoMrWtnaLu80Rf8Egx48-ZtWC1btf2q2uJxi8b6jtbt_U327W7Cbz6Bo2_Q-owHCI7pYvMda3i0TVhkLwCeczgw8X35IycAD8sn1LOIR3aYRtAFQFXkQh6zBQ_Fui9TOnZA5HsexLqSKPg&amp;__tn__=-]K-R\">Le Graoul&rsquo;tri Recyclerie<\/a>, <a href=\"https:\/\/www.facebook.com\/reprenonsleguidon?__cft__[0]=AZXgU5VeSwBKA_jl_rSyEsNtwaWCq_n-8xV9OJ01bQ4EZcRGem0OhqoMrWtnaLu80Rf8Egx48-ZtWC1btf2q2uJxi8b6jtbt_U327W7Cbz6Bo2_Q-owHCI7pYvMda3i0TVhkLwCeczgw8X35IycAD8sn1LOIR3aYRtAFQFXkQh6zBQ_Fui9TOnZA5HsexLqSKPg&amp;__tn__=-]K-R\">Reprenons le Guidon<\/a> et enfin <a href=\"https:\/\/www.facebook.com\/laconserverielocale?__cft__[0]=AZXgU5VeSwBKA_jl_rSyEsNtwaWCq_n-8xV9OJ01bQ4EZcRGem0OhqoMrWtnaLu80Rf8Egx48-ZtWC1btf2q2uJxi8b6jtbt_U327W7Cbz6Bo2_Q-owHCI7pYvMda3i0TVhkLwCeczgw8X35IycAD8sn1LOIR3aYRtAFQFXkQh6zBQ_Fui9TOnZA5HsexLqSKPg&amp;__tn__=-]K-R\">La Conserverie Locale<\/a>.<\/p>\n<p>\u00a0<\/p>\n<p><\/p>\n<p><\/p>\n<p>Rendez-vous 13h \u00e0 la Maison du v\u00e9lo, au 3 Avenue Leclerc de Hautecloque pour un <strong>d\u00e9part 13h15<\/strong>.<\/p>\n<p>\u00a0<\/p>\n<p><\/p>\n<p><\/p>\n<p>Fin de Balade pr\u00e9vue en nocturne! Pr\u00e9voyez vos \u00e9clairage!<\/p>\n<p>\u00a0<\/p>\n<p><\/p>\n<p><\/p>\n<p><strong>Participation prix libre<\/strong><\/p>\n<p><strong>\u00a0<\/strong><\/p>\n<p><\/p>\n<p><\/p>\n<p><strong>INSCRIPTION<\/strong>: <a href=\"https:\/\/fb.me\/e\/5PdnrvEhQ\" target=\"_blank\" rel=\"noreferrer noopener\">https:\/\/fb.me\/e\/5PdnrvEhQ<\/a><\/p>\n<p>\u00a0<\/p>\n<p><\/p>\n<p><\/p>\n<p><\/p>\n<p><\/p>\n<p><strong>SAMEDI 18 novembre \u00e0 18H, SOUPE PARTY<\/strong><\/p>\n<p><strong>\u00a0<\/strong><\/p>\n<p><\/p>\n<p><\/p>\n<p>Venez parader avec nous dans les rues du centre ville de Metz tel une velorution, suivez notre remorque au nez de la bonne odeur de soupe provenant de l\u00e9gumes du <a href=\"https:\/\/www.facebook.com\/gaecjungling?__cft__[0]=AZXEvQTiiuINDP-gqx4RHCl02LhUPy4BbAeaufdCwMvasW1c93WopambaEI1vUFooAKPTH_c6wZJF1CzKBTMtIjY8C7FtVzunSL4JdQZ2eVgZgtjMOn705cajI68LfaNiIPI0aIcv9OoxdKARIJ3Oorsg7o-Sxq-47c9rq7gGHGqVgbuKsgxrrBmaRvOPYPmKPI&amp;__tn__=-]K-R\">GAEC Jungling<\/a>.<\/p>\n<p>\u00a0<\/p>\n<p><\/p>\n<p><\/p>\n<p>Distribution de verre de soupe \u00e0 qui voudra bien!<\/p>\n<p>\u00a0<\/p>\n<p><\/p>\n<p><\/p>\n<p><strong>D\u00e9part 18h de la maison du v\u00e9lo.<\/strong><\/p>\n<p><strong>\u00a0<\/strong><\/p>\n<p><strong>\u00a0<\/strong><\/p>\n<p><\/p>\n<p><\/p>\n<p><\/p>\n<p><\/p>\n<p><strong>SAMEDI 18 novembre \u00e0 20H30, SOIR\u00c9E PROJECTION FILMS<\/strong><\/p>\n<p><\/p>\n<p><\/p>\n<p>Nous vous invitons \u00e0 finir cette grosse journ\u00e9e par la projection de plusieurs petits films comme \u00ab\u00a0Le moment des forces\u00a0\u00bb de Constance BROSSE (<a href=\"https:\/\/constancebrosse.net\/le-moment-des-forces\/?fbclid=IwAR3Y0E0KqFYnWjmoeXo8ifJp5V95ay1CKS1zNlFdcWb2Cj9CikwGFhKHX20\" target=\"_blank\" rel=\"noreferrer noopener\">https:\/\/constancebrosse.net\/le-moment-des-forces\/<\/a>) et d&rsquo;autres&#8230;<\/p>\n<p>\u00a0<\/p>\n<p><\/p>\n<p><\/p>\n<p>Diff\u00e9rents th\u00e8mes seront abord\u00e9s comme l&rsquo;auto-r\u00e9paration, la lutte contre les in\u00e9galit\u00e9s dans les ateliers et l&rsquo;inclusion de tous et toutes, toujours avec le v\u00e9lo comme trame de fond.<\/p>\n<p>\u00a0<\/p>\n<p><\/p>\n<p><\/p>\n<p><strong>Prix libre!<\/strong><\/p>\n<p><strong>\u00a0<\/strong><\/p>\n<p><\/p>\n<p><\/p>\n<p>Venez nombreux.ses, peut \u00eatre qu&rsquo;il restera de la soupe!<\/p>\n<p>\u00a0<\/p>\n<p><\/p>\n<p><\/p>\n<p><strong>INSCRIPTION<\/strong>: <a href=\"https:\/\/fb.me\/e\/v7R9wZ8Te\">https:\/\/fb.me\/e\/v7R9wZ8Te<\/a><\/p>\n<p>\u00a0<\/p>\n<p><\/p>\n<p><\/p>\n<p><\/p>\n<p><\/p>\n<p><strong>DIMANCHE 19 novembre \u00e0 15H40, Alleycat \u00ab\u00a0ALLEY24\u00a0\u00bb<\/strong><\/p>\n<p><strong>\u00a0<\/strong><\/p>\n<p><\/p>\n<p><\/p>\n<p>Une Alleycat est une course d&rsquo;orientation urbaine, ici dans les rues de Metz o\u00f9 chaque participants est autonome dans ces choix de parcours.<\/p>\n<p>\u00a0<\/p>\n<p><\/p>\n<p><\/p>\n<p><strong>DEPART 16H!!<\/strong> N&rsquo;oubliez pas vos lumi\u00e8res!!!!!<\/p>\n<p>\u00a0<\/p>\n<p><\/p>\n<p><\/p>\n<p>LE TOPO de notre ALLEY24:<\/p>\n<p><\/p>\n<p><\/p>\n<p>Vous voulez acheter votre v\u00e9lo 24 pouces de r\u00eave!! Mais les pi\u00e8ces sont \u00e9parpill\u00e9es dans Metz et ses alentours\u2026 \u00e0 l&rsquo;aide des \u201ccartes pi\u00e8ces\u201d \u00e0 piocher \u00e0 chaque retour \u00e0 l&rsquo;atelier (parcours en \u00e9toile), vous pourrez les localiser et aller les chercher pour finir votre montage.<\/p>\n<p>\u00a0<\/p>\n<p><\/p>\n<p><\/p>\n<p>Chaque \u00ab\u00a0pi\u00e8ce\u00a0\u00bb trouv\u00e9e rapporte un certain nombre de point en fonction de la distance et o\u00f9 de la difficult\u00e9 \u00e0 trouver. Preuve sera demand\u00e9 par une photo du lieu et d&rsquo;une carte unique qui vous sera remis!<\/p>\n<p>\u00a0<\/p>\n<p><\/p>\n<p><\/p>\n<p>Le temps sera votre ennemi, vous aurez 2h pour rassembler le plus de \u00ab\u00a0pi\u00e8ces\u00a0\u00bb.<\/p>\n<p>\u00a0<\/p>\n<p><\/p>\n<p><\/p>\n<p>Des points bonus seront obtenable pour vous d\u00e9partager!<\/p>\n<p>\u00a0<\/p>\n<p><\/p>\n<p><\/p>\n<p>Votre imagination sera mis \u00e0 rude \u00e9preuve, mais pas que&#8230;!<\/p>\n<p>\u00a0<\/p>\n<p><\/p>\n<p><\/p>\n<p>N\u00e9cessite l&rsquo;utilisation d&rsquo;un t\u00e9l\u00e9phone pour photos et recherche d&rsquo;info \u00e9ventuelles. Faisable avec tout type de v\u00e9lo.<\/p>\n<p>\u00a0<\/p>\n<p><\/p>\n<p><\/p>\n<p>Adapt\u00e9 \u00e0 tous les niveaux (les fonceurs qui veulent gagner et les tranquilles qui veulent profiter)<\/p>\n<p>\u00a0<\/p>\n<p><\/p>\n<p><\/p>\n<p><strong>Lumi\u00e8re OBLIGATOIRE sous peine de refus de participation. Jouer c&rsquo;est bien, en s\u00e9curit\u00e9 c&rsquo;est mieux!<\/strong><\/p>\n<p><strong>\u00a0<\/strong><\/p>\n<p><\/p>\n<p><\/p>\n<p><strong>Participation prix libre<\/strong>!<\/p>\n<p>\u00a0<\/p>\n<p><\/p>\n<p><\/p>\n<p><strong>INSCRIPTION<\/strong>: <a href=\"https:\/\/fb.me\/e\/X5Rq0DrI\">https:\/\/fb.me\/e\/X5Rq0DrI<\/a><\/p>\n<p>\u00a0<\/p>\n<p><\/p>\n<p><\/p>\n<p><\/p>\n<p><\/p>\n<p><strong>Du SAMEDI 18 au SAMEDI 25 novembre, TOMBOLA!!!<\/strong><\/p>\n<p><strong>\u00a0<\/strong><\/p>\n<p><\/p>\n<p><\/p>\n<p>Metz \u00e0 v\u00e9lo organise durant toute la dur\u00e9e des Jours Heureux une tombola, <strong>1 v\u00e9lo \u00e0 gagner!!<\/strong><\/p>\n<p><strong>\u00a0<\/strong><\/p>\n<p><\/p>\n<p><\/p>\n<p>Vente des tickets uniquement \u00e0 la maison du v\u00e9lo lors de cette p\u00e9riode, 3\u20ac le ticket.<\/p>\n<p><\/p>\n<p><\/p>\n<p>Le\/la Gagnant-e aura le choix entre deux v\u00e9los: un Bianchi de route et un VTC Riverside.<\/p>\n<p>\u00a0<\/p>\n<p><\/p>\n<p><\/p>\n<p>Tirage au sort le LUNDI 27 novembre \u00e0 19H, infos \u00e0 venir<\/p>\n<p>\u00a0<\/p>\n<p><\/p>\n<p><\/p>\n<p>Voir cette page pour plus d&rsquo;infos, acc\u00e9der au r\u00e8glement, et voir des photos des v\u00e9los: <a href=\"https:\/\/www.metzavelo.fr\/tombola-des-jours-heureux\/\">https:\/\/www.metzavelo.fr\/tombola-des-jours-heureux\/<\/a><\/p>\n<p><\/p>\t\t\t\t\t\t\t\t<\/div>\n\t\t\t\t<\/div>\n\t\t\t\t\t<\/div>\n\t\t<\/div>\n\t\t\t\t\t<\/div>\n\t\t<\/section>\n\t\t\t\t<\/div>\n\t\t","protected":false},"excerpt":{"rendered":"<p>Dans le cadre des Jours Heureux propos\u00e9s par le r\u00e9seau de \u201cl\u2019Heureux Cyclage\u201d, et en lien avec la Semaine Europ\u00e9enne de R\u00e9duction des D\u00e9chets, Metz \u00e0 V\u00e9lo organise le Weekend des Jours Heureux les samedi 18 et dimanche 19 novembre (programme plus bas) Qu&rsquo;est ce que le r\u00e9seau de l&rsquo;Heureux Cyclage: Les actions du r\u00e9seau [&hellip;]<\/p>\n","protected":false},"author":61,"featured_media":3875,"comment_status":"closed","ping_status":"open","sticky":false,"template":"","format":"standard","meta":{"footnotes":""},"categories":[10],"tags":[],"class_list":["post-3873","post","type-post","status-publish","format-standard","has-post-thumbnail","hentry","category-velo-a-metz"],"_links":{"self":[{"href":"https:\/\/www.metzavelo.fr\/index.php?rest_route=\/wp\/v2\/posts\/3873","targetHints":{"allow":["GET"]}}],"collection":[{"href":"https:\/\/www.metzavelo.fr\/index.php?rest_route=\/wp\/v2\/posts"}],"about":[{"href":"https:\/\/www.metzavelo.fr\/index.php?rest_route=\/wp\/v2\/types\/post"}],"author":[{"embeddable":true,"href":"https:\/\/www.metzavelo.fr\/index.php?rest_route=\/wp\/v2\/users\/61"}],"replies":[{"embeddable":true,"href":"https:\/\/www.metzavelo.fr\/index.php?rest_route=%2Fwp%2Fv2%2Fcomments&post=3873"}],"version-history":[{"count":7,"href":"https:\/\/www.metzavelo.fr\/index.php?rest_route=\/wp\/v2\/posts\/3873\/revisions"}],"predecessor-version":[{"id":3920,"href":"https:\/\/www.metzavelo.fr\/index.php?rest_route=\/wp\/v2\/posts\/3873\/revisions\/3920"}],"wp:featuredmedia":[{"embeddable":true,"href":"https:\/\/www.metzavelo.fr\/index.php?rest_route=\/wp\/v2\/media\/3875"}],"wp:attachment":[{"href":"https:\/\/www.metzavelo.fr\/index.php?rest_route=%2Fwp%2Fv2%2Fmedia&parent=3873"}],"wp:term":[{"taxonomy":"category","embeddable":true,"href":"https:\/\/www.metzavelo.fr\/index.php?rest_route=%2Fwp%2Fv2%2Fcategories&post=3873"},{"taxonomy":"post_tag","embeddable":true,"href":"https:\/\/www.metzavelo.fr\/index.php?rest_route=%2Fwp%2Fv2%2Ftags&post=3873"}],"curies":[{"name":"wp","href":"https:\/\/api.w.org\/{rel}","templated":true}]}}