{"id":3284,"date":"2023-04-08T08:54:29","date_gmt":"2023-04-08T06:54:29","guid":{"rendered":"https:\/\/www.metzavelo.fr\/?p=3284"},"modified":"2024-01-25T14:34:48","modified_gmt":"2024-01-25T13:34:48","slug":"stages-enfants-2","status":"publish","type":"post","link":"https:\/\/www.metzavelo.fr\/?p=3284","title":{"rendered":"Stages enfants et ados"},"content":{"rendered":"\t\t<div data-elementor-type=\"wp-post\" data-elementor-id=\"3284\" class=\"elementor elementor-3284\" data-elementor-post-type=\"post\">\n\t\t\t\t\t\t<section class=\"elementor-section elementor-top-section elementor-element elementor-element-5a3cf02 elementor-section-boxed elementor-section-height-default elementor-section-height-default\" data-id=\"5a3cf02\" data-element_type=\"section\" data-e-type=\"section\">\n\t\t\t\t\t\t<div class=\"elementor-container elementor-column-gap-default\">\n\t\t\t\t\t<div class=\"elementor-column elementor-col-100 elementor-top-column elementor-element elementor-element-fe249ce\" data-id=\"fe249ce\" data-element_type=\"column\" data-e-type=\"column\">\n\t\t\t<div class=\"elementor-widget-wrap elementor-element-populated\">\n\t\t\t\t\t\t<div class=\"elementor-element elementor-element-fc1777c elementor-widget elementor-widget-image\" data-id=\"fc1777c\" data-element_type=\"widget\" data-e-type=\"widget\" data-widget_type=\"image.default\">\n\t\t\t\t<div class=\"elementor-widget-container\">\n\t\t\t\t\t\t\t\t\t\t\t\t\t\t\t<img fetchpriority=\"high\" decoding=\"async\" width=\"612\" height=\"462\" src=\"https:\/\/www.metzavelo.fr\/wp-content\/uploads\/2023\/04\/stage-printemps-2023.jpg\" class=\"attachment-medium_large size-medium_large wp-image-3308\" alt=\"\" srcset=\"https:\/\/www.metzavelo.fr\/wp-content\/uploads\/2023\/04\/stage-printemps-2023.jpg 612w, https:\/\/www.metzavelo.fr\/wp-content\/uploads\/2023\/04\/stage-printemps-2023-300x226.jpg 300w\" sizes=\"(max-width: 612px) 100vw, 612px\" \/>\t\t\t\t\t\t\t\t\t\t\t\t\t\t\t<\/div>\n\t\t\t\t<\/div>\n\t\t\t\t<div class=\"elementor-element elementor-element-ff0287d elementor-widget elementor-widget-text-editor\" data-id=\"ff0287d\" data-element_type=\"widget\" data-e-type=\"widget\" data-widget_type=\"text-editor.default\">\n\t\t\t\t<div class=\"elementor-widget-container\">\n\t\t\t\t\t\t\t\t\t<div>Pour les vacances de Printemps 2023 \u00ab\u00a0Metz \u00e0 V\u00e9lo\u00a0\u00bb propose<\/div>\n<div>deux stages v\u00e9lo conjuguant <strong>m\u00e9canique et sorties v\u00e9lo.<\/strong><\/div>\n<div>&nbsp;<\/div>\n<h6><b>\u00ab\u00a0Les&nbsp; P&rsquo;tits maillons\u00a0\u00bb<br><\/b><\/h6>\n<div><b>&nbsp;stage enfants 8 \u00e0 12 ans<\/b><br>du 24 au 28 avril de 10h \u00e0 12h =&gt; complet&nbsp;\n<div>du 24 au 28 avril de 14h \u00e0 16h<\/div><\/div>\n<h6>\u00ab\u00a0Les Grands pignons\u00a0\u00bb<\/h6>\n<div><b>Stage ados 12 \u00e0 16 ans<\/b><\/div>\n<div>du 24 au 28 avril de 14h \u00e0 16h<\/div>\n<div>&nbsp;<\/div>\n<div>&nbsp;&nbsp;&nbsp;&nbsp;&nbsp;&nbsp;&nbsp;&nbsp;&nbsp;<\/div>\n<div>\n<div>\n<div>Gr\u00e2ce \u00e0 des exercices et des jeux, enfants et ados apprendront comment r\u00e9parer une chambre \u00e0 air, d\u00e9monter un frein, r\u00e9gler les vitesses&#8230; et, selon la m\u00e9t\u00e9o,&nbsp; ils sortiront sur 2 ou 3 s\u00e9ances sur la semaine<\/div>\n<div>Des v\u00e9los et des casques sont disponibles mais il est pr\u00e9f\u00e9rable que les enfants viennent avec leur v\u00e9lo et leur casque si ils en ont la possibilit\u00e9, ce qui permettra \u00e9galement de r\u00e9viser leur propre v\u00e9lo.<\/div>\n<\/div>\n<div>Les parents inscrivent leur enfant sur un des 2 stages du lundi au vendredi.<\/div>\n<\/div>\n<div><strong>Gratuit<\/strong>.<\/div>\n<div><b>Inscription <\/b>: atelier@metzavelo.fr \/ maxi : 6 places par stage<\/div>\n<div>Maison du V\u00e9lo&nbsp; 3 avenue Leclerc de Hauteclocque, Metz<\/div>\t\t\t\t\t\t\t\t<\/div>\n\t\t\t\t<\/div>\n\t\t\t\t\t<\/div>\n\t\t<\/div>\n\t\t\t\t\t<\/div>\n\t\t<\/section>\n\t\t\t\t<\/div>\n\t\t","protected":false},"excerpt":{"rendered":"<p>Pour les vacances de Printemps 2023 \u00ab\u00a0Metz \u00e0 V\u00e9lo\u00a0\u00bb propose deux stages v\u00e9lo conjuguant m\u00e9canique et sorties v\u00e9lo. &nbsp; \u00ab\u00a0Les&nbsp; P&rsquo;tits maillons\u00a0\u00bb &nbsp;stage enfants 8 \u00e0 12 ansdu 24 au 28 avril de 10h \u00e0 12h =&gt; complet&nbsp; du 24 au 28 avril de 14h \u00e0 16h \u00ab\u00a0Les Grands pignons\u00a0\u00bb Stage ados 12 \u00e0 16 [&hellip;]<\/p>\n","protected":false},"author":4,"featured_media":3308,"comment_status":"closed","ping_status":"closed","sticky":false,"template":"","format":"standard","meta":{"footnotes":""},"categories":[1],"tags":[],"class_list":["post-3284","post","type-post","status-publish","format-standard","has-post-thumbnail","hentry","category-non-classe"],"_links":{"self":[{"href":"https:\/\/www.metzavelo.fr\/index.php?rest_route=\/wp\/v2\/posts\/3284","targetHints":{"allow":["GET"]}}],"collection":[{"href":"https:\/\/www.metzavelo.fr\/index.php?rest_route=\/wp\/v2\/posts"}],"about":[{"href":"https:\/\/www.metzavelo.fr\/index.php?rest_route=\/wp\/v2\/types\/post"}],"author":[{"embeddable":true,"href":"https:\/\/www.metzavelo.fr\/index.php?rest_route=\/wp\/v2\/users\/4"}],"replies":[{"embeddable":true,"href":"https:\/\/www.metzavelo.fr\/index.php?rest_route=%2Fwp%2Fv2%2Fcomments&post=3284"}],"version-history":[{"count":19,"href":"https:\/\/www.metzavelo.fr\/index.php?rest_route=\/wp\/v2\/posts\/3284\/revisions"}],"predecessor-version":[{"id":3358,"href":"https:\/\/www.metzavelo.fr\/index.php?rest_route=\/wp\/v2\/posts\/3284\/revisions\/3358"}],"wp:featuredmedia":[{"embeddable":true,"href":"https:\/\/www.metzavelo.fr\/index.php?rest_route=\/wp\/v2\/media\/3308"}],"wp:attachment":[{"href":"https:\/\/www.metzavelo.fr\/index.php?rest_route=%2Fwp%2Fv2%2Fmedia&parent=3284"}],"wp:term":[{"taxonomy":"category","embeddable":true,"href":"https:\/\/www.metzavelo.fr\/index.php?rest_route=%2Fwp%2Fv2%2Fcategories&post=3284"},{"taxonomy":"post_tag","embeddable":true,"href":"https:\/\/www.metzavelo.fr\/index.php?rest_route=%2Fwp%2Fv2%2Ftags&post=3284"}],"curies":[{"name":"wp","href":"https:\/\/api.w.org\/{rel}","templated":true}]}}