{"id":3115,"date":"2022-08-30T11:36:54","date_gmt":"2022-08-30T09:36:54","guid":{"rendered":"https:\/\/www.metzavelo.fr\/?p=3115"},"modified":"2022-09-07T12:09:49","modified_gmt":"2022-09-07T10:09:49","slug":"animations-sept22","status":"publish","type":"post","link":"https:\/\/www.metzavelo.fr\/?p=3115","title":{"rendered":"Animations de septembre"},"content":{"rendered":"\t\t<div data-elementor-type=\"wp-post\" data-elementor-id=\"3115\" class=\"elementor elementor-3115\" data-elementor-post-type=\"post\">\n\t\t\t\t\t\t<section class=\"elementor-section elementor-top-section elementor-element elementor-element-751b2213 elementor-section-boxed elementor-section-height-default elementor-section-height-default\" data-id=\"751b2213\" data-element_type=\"section\" data-e-type=\"section\">\n\t\t\t\t\t\t<div class=\"elementor-container elementor-column-gap-default\">\n\t\t\t\t\t<div class=\"elementor-column elementor-col-100 elementor-top-column elementor-element elementor-element-35796e83\" data-id=\"35796e83\" data-element_type=\"column\" data-e-type=\"column\">\n\t\t\t<div class=\"elementor-widget-wrap elementor-element-populated\">\n\t\t\t\t\t\t<div class=\"elementor-element elementor-element-53e47f9 elementor-widget elementor-widget-image\" data-id=\"53e47f9\" data-element_type=\"widget\" data-e-type=\"widget\" data-widget_type=\"image.default\">\n\t\t\t\t<div class=\"elementor-widget-container\">\n\t\t\t\t\t\t\t\t\t\t\t\t\t\t\t<img fetchpriority=\"high\" decoding=\"async\" width=\"800\" height=\"671\" src=\"https:\/\/www.metzavelo.fr\/wp-content\/uploads\/2022\/08\/programme-sept22.png\" class=\"attachment-large size-large wp-image-3129\" alt=\"\" srcset=\"https:\/\/www.metzavelo.fr\/wp-content\/uploads\/2022\/08\/programme-sept22.png 940w, https:\/\/www.metzavelo.fr\/wp-content\/uploads\/2022\/08\/programme-sept22-300x251.png 300w, https:\/\/www.metzavelo.fr\/wp-content\/uploads\/2022\/08\/programme-sept22-768x644.png 768w\" sizes=\"(max-width: 800px) 100vw, 800px\" \/>\t\t\t\t\t\t\t\t\t\t\t\t\t\t\t<\/div>\n\t\t\t\t<\/div>\n\t\t\t\t<div class=\"elementor-element elementor-element-528e6eaa elementor-widget elementor-widget-text-editor\" data-id=\"528e6eaa\" data-element_type=\"widget\" data-e-type=\"widget\" data-widget_type=\"text-editor.default\">\n\t\t\t\t<div class=\"elementor-widget-container\">\n\t\t\t\t\t\t\t\t\t<p><\/p>\n<p>Comme chaque ann\u00e9e, le mois de septembre s\u2019annonce riche en animations v\u00e9lo !<\/p>\n<p>\u00a0<\/p>\n<p><\/p>\n<p><strong>Samedi 3 septembre &#8211; Balade \u00e0 v\u00e9lo\/bateau <\/strong><\/p>\n<p><\/p>\n<p>Balade \u00e0 v\u00e9lo \/ bateau, \u00e0 bord de la navette \u00ab\u00a0Le Graoully\u00a0\u00bb \u00a0 <em>complet =&gt; envoyez un mail \u00e0 <a href=\"mailto:balades@metzavelo.fr\" target=\"_blank\" rel=\"noreferrer noopener\">balades@metzavelo.fr<\/a> si vous \u00eates int\u00e9ress\u00e9s par une prochaine date !<\/em><\/p>\n<p>\u00a0<\/p>\n<p><\/p>\n<p><\/p>\n<p><strong>Lundi 5 au samedi 10 septembre \u2013 <a href=\"https:\/\/www.metzavelo.fr\/bourse-sept22\/\">Bourse aux V\u00e9los<\/a><\/strong><\/p>\n<p><\/p>\n<p>D\u00e9p\u00f4t\/vente de v\u00e9los d\u2019occasion au campus du Saulcy<\/p>\n<p><\/p>\n<p>D\u00e9p\u00f4t : lundi \u00e0 vendredi de 17h \u00e0 19h<\/p>\n<p><\/p>\n<p>Vente : vendredi de 10h \u00e0 19h et samedi de 10h \u00e0 17h<\/p>\n<p>\u00a0<\/p>\n<p><strong>Samedi 10 au vendredi 30 septembre &#8211; D\u00e9fi <a href=\"https:\/\/www.ville-en-selle.org\/euromtropole-de-metz\">\u00ab\u00a0Ville en Selle\u00a0\u00bb<\/a><\/strong><\/p>\n<p class=\"paragraph\">Pour relever le d\u00e9fi,\u00a0effectuez\u00a0un maximum de trajets quotidiens \u00e0 v\u00e9lo, durant 21 jours.<\/p>\n<p class=\"paragraph\">D\u00e9fi pilot\u00e9 par l\u2019Eurom\u00e9tropole de Metz<\/p>\n<p><a href=\"https:\/\/www.ville-en-selle.org\/euromtropole-de-metz\">Inscription<\/a><\/p>\n<p>\u00a0<\/p>\n<p><\/p>\n<p><\/p>\n<p><strong>Dimanche 11 septembre \u2013 <a href=\"http:\/\/chouettebalade.fr\/promenades-a-velo-commentee\/#thionville\">Chouette Balade <\/a><\/strong>jusqu&rsquo;\u00e0 Thionville<\/p>\n<p><\/p>\n<p>Balade \u00e0 v\u00e9lo comment\u00e9e jusqu&rsquo;\u00e0 Thionville via la Voie Bleue (72 kilom\u00e8tres)<br \/>Participation de 10\u20ac par personne<br \/><a href=\"http:\/\/chouettebalade.fr\/promenades-a-velo-commentee\/#thionville\">Infos et r\u00e9servation<\/a><\/p>\n<p>Balade propos\u00e9e par notre partenaire \u00ab\u00a0Chouette Balade\u00a0\u00bb<\/p>\n<p>\u00a0<\/p>\n<p><\/p>\n<p><strong>Samedi 17 &amp; dimanche 18 septembre \u2013 \u201cP\u00e9dalons vers l\u2019histoire\u201d<\/strong><\/p>\n<p><\/p>\n<p>Visite guid\u00e9e de plusieurs sites patrimoniaux \u00e0 v\u00e9lo, organis\u00e9e dans le cadre des Journ\u00e9es du Patrimoine, en partenariat avec le p\u00f4le Mobilit\u00e9-transport de Metz M\u00e9tropole et le service Patrimoine culturel de la Ville de Metz.<\/p>\n<p><\/p>\n<p>D\u00e9part place d\u2019Armes \u2013 samedi \u00e0 14h30 \u2013 dimanche \u00e0 9h30<\/p>\n<p><\/p>\n<p>Balade de 2h &#8211; \u00e0 partir de 12 ans <br \/>Pr\u00eat de v\u00e9lo possible<\/p>\n<p><\/p>\n<p>Sur inscription aupr\u00e8s de la Ville de Metz ( <span id=\"page28R_mcid670\" class=\"markedContent\"><span dir=\"ltr\" role=\"presentation\">patrimoineculturel@mairie-metz.fr<\/span><\/span> )<\/p>\n<p>\u00a0<\/p>\n<p><\/p>\n<p><\/p>\n<p><strong>Mardi 20 septembre\u00a0<\/strong> \u2013 <a href=\"https:\/\/www.metzavelo.fr\/perm-des-cyclettes\/\"><strong>Perm\u2019 des Cyclettes<\/strong><\/a><br \/>Permanence organis\u00e9e par et pour les femmes chaque 3eme mardi du mois de 17h \u00e0 19h (sans inscription)<\/p>\n<p>\u00a0<\/p>\n<p><\/p>\n<p><strong>Vendredi 23 septembre &#8211; Soir\u00e9e cin\u00e9\/d\u00e9bat <\/strong>au Klub<\/p>\n<p><\/p>\n<p>Projection du film \u00ab\u00a0Together we cycle\u00a0\u00bb puis d\u00e9bat avec Stein Van Oosteren, auteur de \u00ab\u00a0Pourquoi pas le v\u00e9lo ?\u00a0\u00bb \u00e0 20h<\/p>\n<p><\/p>\n<p>Billetterie aupr\u00e8s du cin\u00e9ma Klub (\u00e0 venir)<\/p>\n<p>\u00a0<\/p>\n<p><\/p>\n<p><strong>Samedi 24 &amp; dimanche 25 \u2013 Week-End V\u00e9lo<\/strong><\/p>\n<p><\/p>\n<p>Metz \u00e0 V\u00e9lo proposera plusieurs stands informatifs (activit\u00e9s de l&rsquo;association, voyage \u00e0 v\u00e9lo, &#8230;) et animations. <a href=\"https:\/\/metz.fr\/agenda\/fiche-31267.php?fbclid=IwAR2UbPGCD06LVBYC6rpj4bpWj04KOGxKrNHAwxlCaMhQZWiavY0uyv1XUOc\">Programme d\u00e9taill\u00e9<\/a><\/p>\n<p>\u00a0<\/p>\n<p><strong>Vendredi 30 septembre<\/strong><\/p>\n<p>&#8211; <b><a href=\"https:\/\/velorution-metz.fr\/\">V\u00e9lorution<\/a> &#8211; 3 ans de V\u00e9lorution Metz<\/b><\/p>\n<p>Rendez-vous \u00e0 19h sur le parvis de la gare de Metz<\/p>\n<p>D\u00e9ambulation \u00e0 v\u00e9lo propos\u00e9e par le collectif \u00ab\u00a0V\u00e9lorution Metz\u00a0\u00bb<\/p>\n<p>\u00a0<\/p>\n<p>&#8211; <b><a href=\"https:\/\/www.tousenselle.eu\/billetterie\" target=\"_blank\" rel=\"noopener\">Festival \u00ab\u00a0Tous en Selle<\/a>\u00ab\u00a0<\/b> <br \/>20h au Klub<br \/>Inscription gratuite <br \/>\u00c9v\u00e9nement organis\u00e9 par l&rsquo;Eurom\u00e9tropole de Metz<\/p>\n<p><\/p>\t\t\t\t\t\t\t\t<\/div>\n\t\t\t\t<\/div>\n\t\t\t\t\t<\/div>\n\t\t<\/div>\n\t\t\t\t\t<\/div>\n\t\t<\/section>\n\t\t\t\t<\/div>\n\t\t","protected":false},"excerpt":{"rendered":"<p>Comme chaque ann\u00e9e, le mois de septembre s\u2019annonce riche en animations v\u00e9lo ! \u00a0 Samedi 3 septembre &#8211; Balade \u00e0 v\u00e9lo\/bateau Balade \u00e0 v\u00e9lo \/ bateau, \u00e0 bord de la navette \u00ab\u00a0Le Graoully\u00a0\u00bb \u00a0 complet =&gt; envoyez un mail \u00e0 balades@metzavelo.fr si vous \u00eates int\u00e9ress\u00e9s par une prochaine date ! \u00a0 Lundi 5 au samedi [&hellip;]<\/p>\n","protected":false},"author":4,"featured_media":2971,"comment_status":"closed","ping_status":"closed","sticky":false,"template":"","format":"standard","meta":{"footnotes":""},"categories":[8],"tags":[],"class_list":["post-3115","post","type-post","status-publish","format-standard","has-post-thumbnail","hentry","category-maison-du-velo"],"_links":{"self":[{"href":"https:\/\/www.metzavelo.fr\/index.php?rest_route=\/wp\/v2\/posts\/3115","targetHints":{"allow":["GET"]}}],"collection":[{"href":"https:\/\/www.metzavelo.fr\/index.php?rest_route=\/wp\/v2\/posts"}],"about":[{"href":"https:\/\/www.metzavelo.fr\/index.php?rest_route=\/wp\/v2\/types\/post"}],"author":[{"embeddable":true,"href":"https:\/\/www.metzavelo.fr\/index.php?rest_route=\/wp\/v2\/users\/4"}],"replies":[{"embeddable":true,"href":"https:\/\/www.metzavelo.fr\/index.php?rest_route=%2Fwp%2Fv2%2Fcomments&post=3115"}],"version-history":[{"count":24,"href":"https:\/\/www.metzavelo.fr\/index.php?rest_route=\/wp\/v2\/posts\/3115\/revisions"}],"predecessor-version":[{"id":3152,"href":"https:\/\/www.metzavelo.fr\/index.php?rest_route=\/wp\/v2\/posts\/3115\/revisions\/3152"}],"wp:featuredmedia":[{"embeddable":true,"href":"https:\/\/www.metzavelo.fr\/index.php?rest_route=\/wp\/v2\/media\/2971"}],"wp:attachment":[{"href":"https:\/\/www.metzavelo.fr\/index.php?rest_route=%2Fwp%2Fv2%2Fmedia&parent=3115"}],"wp:term":[{"taxonomy":"category","embeddable":true,"href":"https:\/\/www.metzavelo.fr\/index.php?rest_route=%2Fwp%2Fv2%2Fcategories&post=3115"},{"taxonomy":"post_tag","embeddable":true,"href":"https:\/\/www.metzavelo.fr\/index.php?rest_route=%2Fwp%2Fv2%2Ftags&post=3115"}],"curies":[{"name":"wp","href":"https:\/\/api.w.org\/{rel}","templated":true}]}}