{"id":2849,"date":"2022-04-02T12:15:14","date_gmt":"2022-04-02T10:15:14","guid":{"rendered":"https:\/\/www.metzavelo.fr\/?p=2849"},"modified":"2022-04-25T16:17:49","modified_gmt":"2022-04-25T14:17:49","slug":"tous-a-velo","status":"publish","type":"post","link":"https:\/\/www.metzavelo.fr\/?p=2849","title":{"rendered":"Tous \u00e0 v\u00e9lo !"},"content":{"rendered":"\t\t<div data-elementor-type=\"wp-post\" data-elementor-id=\"2849\" class=\"elementor elementor-2849\" data-elementor-post-type=\"post\">\n\t\t\t\t\t\t<section class=\"elementor-section elementor-top-section elementor-element elementor-element-3fbe8582 elementor-section-boxed elementor-section-height-default elementor-section-height-default\" data-id=\"3fbe8582\" data-element_type=\"section\" data-e-type=\"section\">\n\t\t\t\t\t\t<div class=\"elementor-container elementor-column-gap-default\">\n\t\t\t\t\t<div class=\"elementor-column elementor-col-100 elementor-top-column elementor-element elementor-element-6b1e7b88\" data-id=\"6b1e7b88\" data-element_type=\"column\" data-e-type=\"column\">\n\t\t\t<div class=\"elementor-widget-wrap elementor-element-populated\">\n\t\t\t\t\t\t<div class=\"elementor-element elementor-element-8e526da elementor-widget elementor-widget-text-editor\" data-id=\"8e526da\" data-element_type=\"widget\" data-e-type=\"widget\" data-widget_type=\"text-editor.default\">\n\t\t\t\t<div class=\"elementor-widget-container\">\n\t\t\t\t\t\t\t\t\t<p><\/p>\n<figure class=\"wp-block-video\"><video style=\"aspect-ratio: 1080 \/ 1080;\" src=\"https:\/\/www.metzavelo.fr\/wp-content\/uploads\/2022\/04\/TaV-SPOT-Long-1080.mp4\" controls=\"controls\" width=\"1080\" height=\"1080\"><\/video><\/figure>\n<p><\/p>\n<p><\/p>\n<p>Vid\u00e9o r\u00e9alis\u00e9e par Jean Chauvelot et Gregory Wagenheim pour l&rsquo;association Metz \u00e0 V\u00e9lo, dans le cadre du Plan R\u00e9gional Sant\u00e9 Environnement (PRSE) et du projet \u00ab\u00a0Sortir, bouger, c&rsquo;est bon pour la sant\u00e9!\u00a0\u00bb<\/p>\n<p>\u00a0<\/p>\n<p><\/p>\n<p><\/p>\n<p><\/p>\n<p><\/p>\n<p><\/p>\n<p><\/p>\n<p>Quelques-unes de nos sources pour aller plus loin sur le sujet :<\/p>\n<p><\/p>\n<p><\/p>\n<ul class=\"wp-block-list\">\n<li><a href=\"https:\/\/www.cyclable.com\/blog\/2018\/05\/30\/pedaler-cest-la-sante\/?fbclid=IwAR3u9xxXJpjFphm2TAUZURLO_u22uTT9j5NqWMciB5-tBpc_JdHhJDFeLew\">P\u00e9daler c&rsquo;est la sant\u00e9<\/a><\/li>\n<li><a href=\"https:\/\/www.vivonsvelo.fr\/blog\/sante-bien-etre\/le-velo-votre-meilleur-allie-contre-le-stress-et-lanxiete\/?fbclid=IwAR1Cyh0TKZ2yXPgYfEpw7MbF4nfTFcm2L-jXJ4CDVCyXJzvlJXLhD79E8vE\" target=\"_blank\" rel=\"noreferrer noopener\">Le v\u00e9lo, votre meilleur alli\u00e9 contre le stress et l&rsquo;anxi\u00e9t\u00e9<\/a><\/li>\n<\/ul>\n<p><\/p>\t\t\t\t\t\t\t\t<\/div>\n\t\t\t\t<\/div>\n\t\t\t\t\t<\/div>\n\t\t<\/div>\n\t\t\t\t\t<\/div>\n\t\t<\/section>\n\t\t\t\t<\/div>\n\t\t","protected":false},"excerpt":{"rendered":"<p>Vid\u00e9o r\u00e9alis\u00e9e par Jean Chauvelot et Gregory Wagenheim pour l&rsquo;association Metz \u00e0 V\u00e9lo, dans le cadre du Plan R\u00e9gional Sant\u00e9 Environnement (PRSE) et du projet \u00ab\u00a0Sortir, bouger, c&rsquo;est bon pour la sant\u00e9!\u00a0\u00bb \u00a0 Quelques-unes de nos sources pour aller plus loin sur le sujet : P\u00e9daler c&rsquo;est la sant\u00e9 Le v\u00e9lo, votre meilleur alli\u00e9 contre [&hellip;]<\/p>\n","protected":false},"author":4,"featured_media":2852,"comment_status":"closed","ping_status":"closed","sticky":false,"template":"","format":"standard","meta":{"footnotes":""},"categories":[8,10],"tags":[],"class_list":["post-2849","post","type-post","status-publish","format-standard","has-post-thumbnail","hentry","category-maison-du-velo","category-velo-a-metz"],"_links":{"self":[{"href":"https:\/\/www.metzavelo.fr\/index.php?rest_route=\/wp\/v2\/posts\/2849","targetHints":{"allow":["GET"]}}],"collection":[{"href":"https:\/\/www.metzavelo.fr\/index.php?rest_route=\/wp\/v2\/posts"}],"about":[{"href":"https:\/\/www.metzavelo.fr\/index.php?rest_route=\/wp\/v2\/types\/post"}],"author":[{"embeddable":true,"href":"https:\/\/www.metzavelo.fr\/index.php?rest_route=\/wp\/v2\/users\/4"}],"replies":[{"embeddable":true,"href":"https:\/\/www.metzavelo.fr\/index.php?rest_route=%2Fwp%2Fv2%2Fcomments&post=2849"}],"version-history":[{"count":5,"href":"https:\/\/www.metzavelo.fr\/index.php?rest_route=\/wp\/v2\/posts\/2849\/revisions"}],"predecessor-version":[{"id":2864,"href":"https:\/\/www.metzavelo.fr\/index.php?rest_route=\/wp\/v2\/posts\/2849\/revisions\/2864"}],"wp:featuredmedia":[{"embeddable":true,"href":"https:\/\/www.metzavelo.fr\/index.php?rest_route=\/wp\/v2\/media\/2852"}],"wp:attachment":[{"href":"https:\/\/www.metzavelo.fr\/index.php?rest_route=%2Fwp%2Fv2%2Fmedia&parent=2849"}],"wp:term":[{"taxonomy":"category","embeddable":true,"href":"https:\/\/www.metzavelo.fr\/index.php?rest_route=%2Fwp%2Fv2%2Fcategories&post=2849"},{"taxonomy":"post_tag","embeddable":true,"href":"https:\/\/www.metzavelo.fr\/index.php?rest_route=%2Fwp%2Fv2%2Ftags&post=2849"}],"curies":[{"name":"wp","href":"https:\/\/api.w.org\/{rel}","templated":true}]}}