{"id":2696,"date":"2022-02-14T10:32:52","date_gmt":"2022-02-14T09:32:52","guid":{"rendered":"https:\/\/www.metzavelo.fr\/?p=2696"},"modified":"2024-03-20T20:58:36","modified_gmt":"2024-03-20T19:58:36","slug":"barometre-cyclable2021","status":"publish","type":"post","link":"https:\/\/www.metzavelo.fr\/?p=2696","title":{"rendered":"Barom\u00e8tre des villes cyclables"},"content":{"rendered":"\t\t<div data-elementor-type=\"wp-post\" data-elementor-id=\"2696\" class=\"elementor elementor-2696\" data-elementor-post-type=\"post\">\n\t\t\t\t\t\t<section class=\"elementor-section elementor-top-section elementor-element elementor-element-14589b85 elementor-section-boxed elementor-section-height-default elementor-section-height-default\" data-id=\"14589b85\" data-element_type=\"section\" data-e-type=\"section\">\n\t\t\t\t\t\t<div class=\"elementor-container elementor-column-gap-default\">\n\t\t\t\t\t<div class=\"elementor-column elementor-col-100 elementor-top-column elementor-element elementor-element-43cfb830\" data-id=\"43cfb830\" data-element_type=\"column\" data-e-type=\"column\">\n\t\t\t<div class=\"elementor-widget-wrap elementor-element-populated\">\n\t\t\t\t\t\t<div class=\"elementor-element elementor-element-4604ad42 elementor-widget elementor-widget-text-editor\" data-id=\"4604ad42\" data-element_type=\"widget\" data-e-type=\"widget\" data-widget_type=\"text-editor.default\">\n\t\t\t\t<div class=\"elementor-widget-container\">\n\t\t\t\t\t\t\t\t\t<p><\/p>\n<div class=\"wp-block-image\">\n<figure class=\"alignright size-full is-resized\"><img fetchpriority=\"high\" decoding=\"async\" class=\"wp-image-2697\" src=\"https:\/\/www.metzavelo.fr\/wp-content\/uploads\/2022\/02\/Capture-decran-2022-02-11-091121.png\" alt=\"\" width=\"348\" height=\"423\" srcset=\"https:\/\/www.metzavelo.fr\/wp-content\/uploads\/2022\/02\/Capture-decran-2022-02-11-091121.png 682w, https:\/\/www.metzavelo.fr\/wp-content\/uploads\/2022\/02\/Capture-decran-2022-02-11-091121-247x300.png 247w\" sizes=\"(max-width: 348px) 100vw, 348px\" \/><\/figure>\n<\/div>\n<p><\/p>\n<p><\/p>\n<p class=\"has-black-color has-text-color\"><img decoding=\"async\" src=\"https:\/\/static.xx.fbcdn.net\/images\/emoji.php\/v9\/tc1\/1\/16\/1f50d.png\" alt=\"\ud83d\udd0d\" width=\"16\" height=\"16\" \/><img decoding=\"async\" src=\"https:\/\/static.xx.fbcdn.net\/images\/emoji.php\/v9\/te0\/1\/16\/1f6b4.png\" alt=\"\ud83d\udeb4\" width=\"16\" height=\"16\" \/> Les r\u00e9sultats du Barom\u00e8tre des villes cyclables sont arriv\u00e9es et unanimes : la situation est globalement \u00ab\u00a0d\u00e9favorable\u00a0\u00bb dans l&rsquo;Eurom\u00e9tropole de Metz !<\/p>\n<p class=\"has-black-color has-text-color\">\u00a0<\/p>\n<p><\/p>\n<p><\/p>\n<p><img loading=\"lazy\" decoding=\"async\" src=\"https:\/\/static.xx.fbcdn.net\/images\/emoji.php\/v9\/t7b\/1\/16\/1f7e1.png\" alt=\"\ud83d\udfe1\" width=\"16\" height=\"16\" \/> Metz : 2,89\/6 &#8211; E &#8211; Plut\u00f4t d\u00e9favorable<\/p>\n<p>\u00a0<\/p>\n<p><\/p>\n<p><\/p>\n<p><img loading=\"lazy\" decoding=\"async\" src=\"https:\/\/static.xx.fbcdn.net\/images\/emoji.php\/v9\/t7b\/1\/16\/1f7e1.png\" alt=\"\ud83d\udfe1\" width=\"16\" height=\"16\" \/> Peltre : 2,83 &#8211; E &#8211; Plut\u00f4t d\u00e9favorable<\/p>\n<p>\u00a0<\/p>\n<p><\/p>\n<p><\/p>\n<p><img loading=\"lazy\" decoding=\"async\" src=\"https:\/\/static.xx.fbcdn.net\/images\/emoji.php\/v9\/tfa\/1\/16\/1f7e0.png\" alt=\"\ud83d\udfe0\" width=\"16\" height=\"16\" \/> Montigny-les-Metz : 2,47 &#8211; F &#8211; D\u00e9favorable<\/p>\n<p>\u00a0<\/p>\n<p><\/p>\n<p><\/p>\n<p><img loading=\"lazy\" decoding=\"async\" src=\"https:\/\/static.xx.fbcdn.net\/images\/emoji.php\/v9\/tfa\/1\/16\/1f7e0.png\" alt=\"\ud83d\udfe0\" width=\"16\" height=\"16\" \/> Marly &#8211; 2,41 &#8211; F &#8211; D\u00e9favorable<\/p>\n<p>\u00a0<\/p>\n<p><\/p>\n<p><\/p>\n<p><img loading=\"lazy\" decoding=\"async\" src=\"https:\/\/static.xx.fbcdn.net\/images\/emoji.php\/v9\/tfa\/1\/16\/1f7e0.png\" alt=\"\ud83d\udfe0\" width=\"16\" height=\"16\" \/> Moulins-les-Metz : 2,33 &#8211; F &#8211; D\u00e9favorable<\/p>\n<p>\u00a0<\/p>\n<p><\/p>\n<p><\/p>\n<p><img loading=\"lazy\" decoding=\"async\" src=\"https:\/\/static.xx.fbcdn.net\/images\/emoji.php\/v9\/tfa\/1\/16\/1f7e0.png\" alt=\"\ud83d\udfe0\" width=\"16\" height=\"16\" \/> Woippy : 2,32 &#8211; F &#8211; D\u00e9favorable<\/p>\n<p>\u00a0<\/p>\n<p><\/p>\n<p><\/p>\n<p><img loading=\"lazy\" decoding=\"async\" src=\"https:\/\/static.xx.fbcdn.net\/images\/emoji.php\/v9\/t6e\/1\/16\/1f534.png\" alt=\"\ud83d\udd34\" width=\"16\" height=\"16\" \/> Longeville-les-Metz : 2,17 &#8211; G &#8211; Tr\u00e8s d\u00e9favorable<\/p>\n<p>\u00a0<\/p>\n<p>Sondage r\u00e9alis\u00e9 tous les deux ans par la F\u00e9daration fran\u00e7aise des Usagers de la Bicyclette (FUB).<\/p>\n<p><\/p>\n<p><\/p>\n<p><\/p>\n<p><\/p>\n<h6 class=\"has-luminous-vivid-amber-color has-text-color\"><strong>Cette ann\u00e9e, la ville de Metz r\u00e9trograde<\/strong><\/h6>\n<p>\u00a0<\/p>\n<p><\/p>\n<p><\/p>\n<p>En 2019, elle avait obtenu la moyenne \u00ab moyennement favorable (D) \u00bb avec une note de 3,11\/6. <br \/>En 2021, elle n\u2019obtient qu\u2019une note de 2,89\/6, et est jug\u00e9e \u00ab plut\u00f4t d\u00e9favorable (E) \u00bb .<\/p>\n<p>\u00a0<\/p>\n<p><\/p>\n<p><\/p>\n<figure class=\"wp-block-image size-full\"><img loading=\"lazy\" decoding=\"async\" width=\"368\" height=\"480\" class=\"wp-image-2698\" src=\"https:\/\/www.metzavelo.fr\/wp-content\/uploads\/2022\/02\/Capture-decran-2022-02-11-091226.png\" alt=\"\" srcset=\"https:\/\/www.metzavelo.fr\/wp-content\/uploads\/2022\/02\/Capture-decran-2022-02-11-091226.png 368w, https:\/\/www.metzavelo.fr\/wp-content\/uploads\/2022\/02\/Capture-decran-2022-02-11-091226-230x300.png 230w\" sizes=\"(max-width: 368px) 100vw, 368px\" \/><\/figure>\n<p><\/p>\n<p><\/p>\n<p><strong>Les points forts<\/strong> : il est facile de trouver un atelier ou un magasin de r\u00e9paration de v\u00e9lo. La pr\u00e9sence et la qualit\u00e9 du stationnement sont appr\u00e9ci\u00e9es comme la possibilit\u00e9 de louer un v\u00e9lo, quelques heures ou quelques mois. Les rues \u00e0 sens unique sont globalement ouvertes \u00e0 double sens pour les v\u00e9los et les cyclistes estiment qu\u2019ils se sentent relativement en s\u00e9curit\u00e9 pour circuler dans les rues r\u00e9sidentielles.<\/p>\n<p>\u00a0<\/p>\n<p><\/p>\n<p><\/p>\n<p><strong>Les points noirs<\/strong> : les cyclistes estiment que ce n\u2019est pas vraiment s\u00fbr, pour les enfants et les personnes \u00e2g\u00e9es de circuler \u00e0 v\u00e9lo. Lors de travaux sur les itin\u00e9raires cyclables, des solutions alternatives s\u00fbres ne sont pas assez souvent propos\u00e9es. Il y a trop de voitures qui stationnent sur les pistes cyclables. Les usagers des deux-roues n\u2019estiment pas qu\u2019ils peuvent traverser tous les carrefours et rond-point sans danger et ils peinent \u00e9galement \u00e0 se sentir vraiment en s\u00e9curit\u00e9 sur les grands axes. Les vols de v\u00e9lo sont \u00e9galement point\u00e9s.<\/p>\n<p>\u00a0<\/p>\n<p><\/p>\n<p><\/p>\n<h6 class=\"has-luminous-vivid-amber-color has-text-color\"><strong>La plupart des autres communes de la m\u00e9tropole sont \u00e9galement jug\u00e9es \u00ab\u00a0d\u00e9favorables\u00a0\u00bb<\/strong><\/h6>\n<p><\/p>\n<p><\/p>\n<p><\/p>\n<p><\/p>\n<p class=\"wp-block-gallery-2 is-layout-flex wp-block-gallery-is-layout-flex\"><\/p>\n<p><\/p>\n<p><\/p>\n<p><\/p>\n<p><\/p>\n<p><\/p>\t\t\t\t\t\t\t\t<\/div>\n\t\t\t\t<\/div>\n\t\t\t\t\t<\/div>\n\t\t<\/div>\n\t\t\t\t\t<\/div>\n\t\t<\/section>\n\t\t\t\t<section class=\"elementor-section elementor-top-section elementor-element elementor-element-d8276dd elementor-section-boxed elementor-section-height-default elementor-section-height-default\" data-id=\"d8276dd\" data-element_type=\"section\" data-e-type=\"section\">\n\t\t\t\t\t\t<div class=\"elementor-container elementor-column-gap-default\">\n\t\t\t\t\t<div class=\"elementor-column elementor-col-100 elementor-top-column elementor-element elementor-element-f8cc7af\" data-id=\"f8cc7af\" data-element_type=\"column\" data-e-type=\"column\">\n\t\t\t<div class=\"elementor-widget-wrap elementor-element-populated\">\n\t\t\t\t\t\t<div class=\"elementor-element elementor-element-45ad24a elementor-widget elementor-widget-image-gallery\" data-id=\"45ad24a\" data-element_type=\"widget\" data-e-type=\"widget\" data-widget_type=\"image-gallery.default\">\n\t\t\t\t<div class=\"elementor-widget-container\">\n\t\t\t\t\t\t\t<div class=\"elementor-image-gallery\">\n\t\t\t<div id='gallery-1' class='gallery galleryid-2696 gallery-columns-4 gallery-size-thumbnail'><figure class='gallery-item'>\n\t\t\t<div class='gallery-icon portrait'>\n\t\t\t\t<a data-elementor-open-lightbox=\"yes\" data-elementor-lightbox-slideshow=\"45ad24a\" data-elementor-lightbox-title=\"Capture-decran-2022-02-11-094019\" data-e-action-hash=\"#elementor-action%3Aaction%3Dlightbox%26settings%3DeyJpZCI6MjcwMywidXJsIjoiaHR0cHM6XC9cL3d3dy5tZXR6YXZlbG8uZnJcL3dwLWNvbnRlbnRcL3VwbG9hZHNcLzIwMjJcLzAyXC9DYXB0dXJlLWRlY3Jhbi0yMDIyLTAyLTExLTA5NDAxOS5wbmciLCJzbGlkZXNob3ciOiI0NWFkMjRhIn0%3D\" href='https:\/\/www.metzavelo.fr\/wp-content\/uploads\/2022\/02\/Capture-decran-2022-02-11-094019.png'><img loading=\"lazy\" decoding=\"async\" width=\"150\" height=\"150\" src=\"https:\/\/www.metzavelo.fr\/wp-content\/uploads\/2022\/02\/Capture-decran-2022-02-11-094019-150x150.png\" class=\"attachment-thumbnail size-thumbnail\" alt=\"\" srcset=\"https:\/\/www.metzavelo.fr\/wp-content\/uploads\/2022\/02\/Capture-decran-2022-02-11-094019-150x150.png 150w, https:\/\/www.metzavelo.fr\/wp-content\/uploads\/2022\/02\/Capture-decran-2022-02-11-094019-70x70.png 70w, https:\/\/www.metzavelo.fr\/wp-content\/uploads\/2022\/02\/Capture-decran-2022-02-11-094019-127x127.png 127w, https:\/\/www.metzavelo.fr\/wp-content\/uploads\/2022\/02\/Capture-decran-2022-02-11-094019-125x125.png 125w\" sizes=\"(max-width: 150px) 100vw, 150px\" \/><\/a>\n\t\t\t<\/div><\/figure><figure class='gallery-item'>\n\t\t\t<div class='gallery-icon portrait'>\n\t\t\t\t<a data-elementor-open-lightbox=\"yes\" data-elementor-lightbox-slideshow=\"45ad24a\" data-elementor-lightbox-title=\"Capture-decran-2022-02-11-093739\" data-e-action-hash=\"#elementor-action%3Aaction%3Dlightbox%26settings%3DeyJpZCI6MjcwMCwidXJsIjoiaHR0cHM6XC9cL3d3dy5tZXR6YXZlbG8uZnJcL3dwLWNvbnRlbnRcL3VwbG9hZHNcLzIwMjJcLzAyXC9DYXB0dXJlLWRlY3Jhbi0yMDIyLTAyLTExLTA5MzczOS5wbmciLCJzbGlkZXNob3ciOiI0NWFkMjRhIn0%3D\" href='https:\/\/www.metzavelo.fr\/wp-content\/uploads\/2022\/02\/Capture-decran-2022-02-11-093739.png'><img loading=\"lazy\" decoding=\"async\" width=\"150\" height=\"150\" src=\"https:\/\/www.metzavelo.fr\/wp-content\/uploads\/2022\/02\/Capture-decran-2022-02-11-093739-150x150.png\" class=\"attachment-thumbnail size-thumbnail\" alt=\"\" srcset=\"https:\/\/www.metzavelo.fr\/wp-content\/uploads\/2022\/02\/Capture-decran-2022-02-11-093739-150x150.png 150w, https:\/\/www.metzavelo.fr\/wp-content\/uploads\/2022\/02\/Capture-decran-2022-02-11-093739-70x70.png 70w, https:\/\/www.metzavelo.fr\/wp-content\/uploads\/2022\/02\/Capture-decran-2022-02-11-093739-127x127.png 127w, https:\/\/www.metzavelo.fr\/wp-content\/uploads\/2022\/02\/Capture-decran-2022-02-11-093739-125x125.png 125w\" sizes=\"(max-width: 150px) 100vw, 150px\" \/><\/a>\n\t\t\t<\/div><\/figure><figure class='gallery-item'>\n\t\t\t<div class='gallery-icon portrait'>\n\t\t\t\t<a data-elementor-open-lightbox=\"yes\" data-elementor-lightbox-slideshow=\"45ad24a\" data-elementor-lightbox-title=\"Capture-decran-2022-02-11-093842\" data-e-action-hash=\"#elementor-action%3Aaction%3Dlightbox%26settings%3DeyJpZCI6MjY5OSwidXJsIjoiaHR0cHM6XC9cL3d3dy5tZXR6YXZlbG8uZnJcL3dwLWNvbnRlbnRcL3VwbG9hZHNcLzIwMjJcLzAyXC9DYXB0dXJlLWRlY3Jhbi0yMDIyLTAyLTExLTA5Mzg0Mi5wbmciLCJzbGlkZXNob3ciOiI0NWFkMjRhIn0%3D\" href='https:\/\/www.metzavelo.fr\/wp-content\/uploads\/2022\/02\/Capture-decran-2022-02-11-093842.png'><img loading=\"lazy\" decoding=\"async\" width=\"150\" height=\"150\" src=\"https:\/\/www.metzavelo.fr\/wp-content\/uploads\/2022\/02\/Capture-decran-2022-02-11-093842-150x150.png\" class=\"attachment-thumbnail size-thumbnail\" alt=\"\" srcset=\"https:\/\/www.metzavelo.fr\/wp-content\/uploads\/2022\/02\/Capture-decran-2022-02-11-093842-150x150.png 150w, https:\/\/www.metzavelo.fr\/wp-content\/uploads\/2022\/02\/Capture-decran-2022-02-11-093842-70x70.png 70w, https:\/\/www.metzavelo.fr\/wp-content\/uploads\/2022\/02\/Capture-decran-2022-02-11-093842-127x127.png 127w, https:\/\/www.metzavelo.fr\/wp-content\/uploads\/2022\/02\/Capture-decran-2022-02-11-093842-125x125.png 125w\" sizes=\"(max-width: 150px) 100vw, 150px\" \/><\/a>\n\t\t\t<\/div><\/figure><figure class='gallery-item'>\n\t\t\t<div class='gallery-icon portrait'>\n\t\t\t\t<a data-elementor-open-lightbox=\"yes\" data-elementor-lightbox-slideshow=\"45ad24a\" data-elementor-lightbox-title=\"Capture-decran-2022-02-11-091226\" data-e-action-hash=\"#elementor-action%3Aaction%3Dlightbox%26settings%3DeyJpZCI6MjY5OCwidXJsIjoiaHR0cHM6XC9cL3d3dy5tZXR6YXZlbG8uZnJcL3dwLWNvbnRlbnRcL3VwbG9hZHNcLzIwMjJcLzAyXC9DYXB0dXJlLWRlY3Jhbi0yMDIyLTAyLTExLTA5MTIyNi5wbmciLCJzbGlkZXNob3ciOiI0NWFkMjRhIn0%3D\" href='https:\/\/www.metzavelo.fr\/wp-content\/uploads\/2022\/02\/Capture-decran-2022-02-11-091226.png'><img loading=\"lazy\" decoding=\"async\" width=\"150\" height=\"150\" src=\"https:\/\/www.metzavelo.fr\/wp-content\/uploads\/2022\/02\/Capture-decran-2022-02-11-091226-150x150.png\" class=\"attachment-thumbnail size-thumbnail\" alt=\"\" srcset=\"https:\/\/www.metzavelo.fr\/wp-content\/uploads\/2022\/02\/Capture-decran-2022-02-11-091226-150x150.png 150w, https:\/\/www.metzavelo.fr\/wp-content\/uploads\/2022\/02\/Capture-decran-2022-02-11-091226-70x70.png 70w, https:\/\/www.metzavelo.fr\/wp-content\/uploads\/2022\/02\/Capture-decran-2022-02-11-091226-127x127.png 127w, https:\/\/www.metzavelo.fr\/wp-content\/uploads\/2022\/02\/Capture-decran-2022-02-11-091226-125x125.png 125w\" sizes=\"(max-width: 150px) 100vw, 150px\" \/><\/a>\n\t\t\t<\/div><\/figure><figure class='gallery-item'>\n\t\t\t<div class='gallery-icon portrait'>\n\t\t\t\t<a data-elementor-open-lightbox=\"yes\" data-elementor-lightbox-slideshow=\"45ad24a\" data-elementor-lightbox-title=\"Capture-decran-2022-02-11-093958\" data-e-action-hash=\"#elementor-action%3Aaction%3Dlightbox%26settings%3DeyJpZCI6MjcwMiwidXJsIjoiaHR0cHM6XC9cL3d3dy5tZXR6YXZlbG8uZnJcL3dwLWNvbnRlbnRcL3VwbG9hZHNcLzIwMjJcLzAyXC9DYXB0dXJlLWRlY3Jhbi0yMDIyLTAyLTExLTA5Mzk1OC5wbmciLCJzbGlkZXNob3ciOiI0NWFkMjRhIn0%3D\" href='https:\/\/www.metzavelo.fr\/wp-content\/uploads\/2022\/02\/Capture-decran-2022-02-11-093958.png'><img loading=\"lazy\" decoding=\"async\" width=\"150\" height=\"150\" src=\"https:\/\/www.metzavelo.fr\/wp-content\/uploads\/2022\/02\/Capture-decran-2022-02-11-093958-150x150.png\" class=\"attachment-thumbnail size-thumbnail\" alt=\"\" srcset=\"https:\/\/www.metzavelo.fr\/wp-content\/uploads\/2022\/02\/Capture-decran-2022-02-11-093958-150x150.png 150w, https:\/\/www.metzavelo.fr\/wp-content\/uploads\/2022\/02\/Capture-decran-2022-02-11-093958-70x70.png 70w, https:\/\/www.metzavelo.fr\/wp-content\/uploads\/2022\/02\/Capture-decran-2022-02-11-093958-127x127.png 127w, https:\/\/www.metzavelo.fr\/wp-content\/uploads\/2022\/02\/Capture-decran-2022-02-11-093958-125x125.png 125w\" sizes=\"(max-width: 150px) 100vw, 150px\" \/><\/a>\n\t\t\t<\/div><\/figure><figure class='gallery-item'>\n\t\t\t<div class='gallery-icon portrait'>\n\t\t\t\t<a data-elementor-open-lightbox=\"yes\" data-elementor-lightbox-slideshow=\"45ad24a\" data-elementor-lightbox-title=\"Capture-decran-2022-02-11-093911\" data-e-action-hash=\"#elementor-action%3Aaction%3Dlightbox%26settings%3DeyJpZCI6MjcwMSwidXJsIjoiaHR0cHM6XC9cL3d3dy5tZXR6YXZlbG8uZnJcL3dwLWNvbnRlbnRcL3VwbG9hZHNcLzIwMjJcLzAyXC9DYXB0dXJlLWRlY3Jhbi0yMDIyLTAyLTExLTA5MzkxMS5wbmciLCJzbGlkZXNob3ciOiI0NWFkMjRhIn0%3D\" href='https:\/\/www.metzavelo.fr\/wp-content\/uploads\/2022\/02\/Capture-decran-2022-02-11-093911.png'><img loading=\"lazy\" decoding=\"async\" width=\"150\" height=\"150\" src=\"https:\/\/www.metzavelo.fr\/wp-content\/uploads\/2022\/02\/Capture-decran-2022-02-11-093911-150x150.png\" class=\"attachment-thumbnail size-thumbnail\" alt=\"\" srcset=\"https:\/\/www.metzavelo.fr\/wp-content\/uploads\/2022\/02\/Capture-decran-2022-02-11-093911-150x150.png 150w, https:\/\/www.metzavelo.fr\/wp-content\/uploads\/2022\/02\/Capture-decran-2022-02-11-093911-70x70.png 70w, https:\/\/www.metzavelo.fr\/wp-content\/uploads\/2022\/02\/Capture-decran-2022-02-11-093911-127x127.png 127w, https:\/\/www.metzavelo.fr\/wp-content\/uploads\/2022\/02\/Capture-decran-2022-02-11-093911-125x125.png 125w\" sizes=\"(max-width: 150px) 100vw, 150px\" \/><\/a>\n\t\t\t<\/div><\/figure>\n\t\t<\/div>\n\t\t<\/div>\n\t\t\t\t\t\t<\/div>\n\t\t\t\t<\/div>\n\t\t\t\t\t<\/div>\n\t\t<\/div>\n\t\t\t\t\t<\/div>\n\t\t<\/section>\n\t\t\t\t<section class=\"elementor-section elementor-top-section elementor-element elementor-element-0d1fa78 elementor-section-boxed elementor-section-height-default elementor-section-height-default\" data-id=\"0d1fa78\" data-element_type=\"section\" data-e-type=\"section\">\n\t\t\t\t\t\t<div class=\"elementor-container elementor-column-gap-default\">\n\t\t\t\t\t<div class=\"elementor-column elementor-col-100 elementor-top-column elementor-element elementor-element-66ff978\" data-id=\"66ff978\" data-element_type=\"column\" data-e-type=\"column\">\n\t\t\t<div class=\"elementor-widget-wrap elementor-element-populated\">\n\t\t\t\t\t\t<div class=\"elementor-element elementor-element-3f23cca elementor-widget elementor-widget-text-editor\" data-id=\"3f23cca\" data-element_type=\"widget\" data-e-type=\"widget\" data-widget_type=\"text-editor.default\">\n\t\t\t\t<div class=\"elementor-widget-container\">\n\t\t\t\t\t\t\t\t\t<figure class=\"wp-block-image size-large\"><\/figure>\n<figure class=\"wp-block-image size-large\"><\/figure>\n<p>\u00ab\u00a0Nous souhaitons que la m\u00e9tropole se saisisse de ces r\u00e9ponses pour orienter sa politique. On voit notamment que le d\u00e9veloppement de ce qu\u2019on a appel\u00e9 les corona pistes a \u00e9t\u00e9 tr\u00e8s appr\u00e9ci\u00e9 par les cyclistes. Quand il y a des efforts positifs, les r\u00e9sultats s\u2019en ressentent\u00a0\u00bb, rappelle Herv\u00e9 Ribon, pr\u00e9sident de Metz \u00e0 V\u00e9lo.<\/p>\n<p>\u00a0<\/p>\n<figure class=\"wp-block-image size-large\"><img loading=\"lazy\" decoding=\"async\" width=\"1024\" height=\"681\" class=\"wp-image-2705\" src=\"https:\/\/www.metzavelo.fr\/wp-content\/uploads\/2022\/02\/barometre-1024x681.png\" alt=\"\" srcset=\"https:\/\/www.metzavelo.fr\/wp-content\/uploads\/2022\/02\/barometre-1024x681.png 1024w, https:\/\/www.metzavelo.fr\/wp-content\/uploads\/2022\/02\/barometre-300x199.png 300w, https:\/\/www.metzavelo.fr\/wp-content\/uploads\/2022\/02\/barometre-768x511.png 768w, https:\/\/www.metzavelo.fr\/wp-content\/uploads\/2022\/02\/barometre-750x500.png 750w, https:\/\/www.metzavelo.fr\/wp-content\/uploads\/2022\/02\/barometre.png 1143w\" sizes=\"(max-width: 1024px) 100vw, 1024px\" \/>\n<p>\u00a0<\/p>\n<figcaption><img loading=\"lazy\" decoding=\"async\" src=\"https:\/\/static.xx.fbcdn.net\/images\/emoji.php\/v9\/t6e\/1\/16\/1f534.png\" alt=\"\ud83d\udd34\" width=\"16\" height=\"16\" \/> les sites \u00e0 am\u00e9liorer en priorit\u00e9<br \/><img loading=\"lazy\" decoding=\"async\" src=\"https:\/\/static.xx.fbcdn.net\/images\/emoji.php\/v9\/tfc\/1\/16\/1f7e2.png\" alt=\"\ud83d\udfe2\" width=\"16\" height=\"16\" \/> les am\u00e9liorations per\u00e7ues depuis 2 ans<\/figcaption>\n<\/figure>\n<p><strong><img loading=\"lazy\" decoding=\"async\" src=\"https:\/\/static.xx.fbcdn.net\/images\/emoji.php\/v9\/t51\/1\/16\/1f449.png\" alt=\"\ud83d\udc49\" width=\"16\" height=\"16\" \/>\u00a0 Retrouvez toutes les informations d\u00e9taill\u00e9es du <a href=\"https:\/\/barometre.parlons-velo.fr\/2021\/palmares\/?fbclid=IwAR1UwQNyoAKXKG5bgDY0gdIHDoLQJA35liiAlSzQrK_gVd2fg3xjlHnENg4#12.5\/49.0966\/6.13544\" target=\"_blank\" rel=\"noreferrer noopener\">Palmar\u00e8s 2021<\/a><\/strong><\/p>\t\t\t\t\t\t\t\t<\/div>\n\t\t\t\t<\/div>\n\t\t\t\t\t<\/div>\n\t\t<\/div>\n\t\t\t\t\t<\/div>\n\t\t<\/section>\n\t\t\t\t<\/div>\n\t\t","protected":false},"excerpt":{"rendered":"<p>Les r\u00e9sultats du Barom\u00e8tre des villes cyclables sont arriv\u00e9es et unanimes : la situation est globalement \u00ab\u00a0d\u00e9favorable\u00a0\u00bb dans l&rsquo;Eurom\u00e9tropole de Metz ! \u00a0 Metz : 2,89\/6 &#8211; E &#8211; Plut\u00f4t d\u00e9favorable \u00a0 Peltre : 2,83 &#8211; E &#8211; Plut\u00f4t d\u00e9favorable \u00a0 Montigny-les-Metz : 2,47 &#8211; F &#8211; D\u00e9favorable \u00a0 Marly &#8211; 2,41 &#8211; F &#8211; [&hellip;]<\/p>\n","protected":false},"author":4,"featured_media":2705,"comment_status":"closed","ping_status":"open","sticky":false,"template":"","format":"standard","meta":{"footnotes":""},"categories":[10],"tags":[],"class_list":["post-2696","post","type-post","status-publish","format-standard","has-post-thumbnail","hentry","category-velo-a-metz"],"_links":{"self":[{"href":"https:\/\/www.metzavelo.fr\/index.php?rest_route=\/wp\/v2\/posts\/2696","targetHints":{"allow":["GET"]}}],"collection":[{"href":"https:\/\/www.metzavelo.fr\/index.php?rest_route=\/wp\/v2\/posts"}],"about":[{"href":"https:\/\/www.metzavelo.fr\/index.php?rest_route=\/wp\/v2\/types\/post"}],"author":[{"embeddable":true,"href":"https:\/\/www.metzavelo.fr\/index.php?rest_route=\/wp\/v2\/users\/4"}],"replies":[{"embeddable":true,"href":"https:\/\/www.metzavelo.fr\/index.php?rest_route=%2Fwp%2Fv2%2Fcomments&post=2696"}],"version-history":[{"count":11,"href":"https:\/\/www.metzavelo.fr\/index.php?rest_route=\/wp\/v2\/posts\/2696\/revisions"}],"predecessor-version":[{"id":4165,"href":"https:\/\/www.metzavelo.fr\/index.php?rest_route=\/wp\/v2\/posts\/2696\/revisions\/4165"}],"wp:featuredmedia":[{"embeddable":true,"href":"https:\/\/www.metzavelo.fr\/index.php?rest_route=\/wp\/v2\/media\/2705"}],"wp:attachment":[{"href":"https:\/\/www.metzavelo.fr\/index.php?rest_route=%2Fwp%2Fv2%2Fmedia&parent=2696"}],"wp:term":[{"taxonomy":"category","embeddable":true,"href":"https:\/\/www.metzavelo.fr\/index.php?rest_route=%2Fwp%2Fv2%2Fcategories&post=2696"},{"taxonomy":"post_tag","embeddable":true,"href":"https:\/\/www.metzavelo.fr\/index.php?rest_route=%2Fwp%2Fv2%2Ftags&post=2696"}],"curies":[{"name":"wp","href":"https:\/\/api.w.org\/{rel}","templated":true}]}}