{"id":2646,"date":"2022-01-31T12:20:31","date_gmt":"2022-01-31T11:20:31","guid":{"rendered":"https:\/\/www.metzavelo.fr\/?p=2646"},"modified":"2022-01-31T12:24:36","modified_gmt":"2022-01-31T11:24:36","slug":"bilan-2021","status":"publish","type":"post","link":"https:\/\/www.metzavelo.fr\/?p=2646","title":{"rendered":"2021 : une excellente ann\u00e9e pour l&rsquo;association !"},"content":{"rendered":"\t\t<div data-elementor-type=\"wp-post\" data-elementor-id=\"2646\" class=\"elementor elementor-2646\" data-elementor-post-type=\"post\">\n\t\t\t\t\t\t<section class=\"elementor-section elementor-top-section elementor-element elementor-element-1f0bb004 elementor-section-boxed elementor-section-height-default elementor-section-height-default\" data-id=\"1f0bb004\" data-element_type=\"section\" data-e-type=\"section\">\n\t\t\t\t\t\t<div class=\"elementor-container elementor-column-gap-default\">\n\t\t\t\t\t<div class=\"elementor-column elementor-col-100 elementor-top-column elementor-element elementor-element-5cec80aa\" data-id=\"5cec80aa\" data-element_type=\"column\" data-e-type=\"column\">\n\t\t\t<div class=\"elementor-widget-wrap elementor-element-populated\">\n\t\t\t\t\t\t<div class=\"elementor-element elementor-element-3960b578 elementor-widget elementor-widget-text-editor\" data-id=\"3960b578\" data-element_type=\"widget\" data-e-type=\"widget\" data-widget_type=\"text-editor.default\">\n\t\t\t\t<div class=\"elementor-widget-container\">\n\t\t\t\t\t\t\t\t\t\n<figure class=\"wp-block-image size-full\"><img fetchpriority=\"high\" decoding=\"async\" width=\"940\" height=\"788\" class=\"wp-image-2651\" src=\"https:\/\/www.metzavelo.fr\/wp-content\/uploads\/2022\/01\/VOEUX.png\" alt=\"\" srcset=\"https:\/\/www.metzavelo.fr\/wp-content\/uploads\/2022\/01\/VOEUX.png 940w, https:\/\/www.metzavelo.fr\/wp-content\/uploads\/2022\/01\/VOEUX-300x251.png 300w, https:\/\/www.metzavelo.fr\/wp-content\/uploads\/2022\/01\/VOEUX-768x644.png 768w\" sizes=\"(max-width: 940px) 100vw, 940px\" \/><\/figure>\n\n<p>\u00a0<\/p>\n\n<p class=\"has-black-color has-text-color\">Plus de 3 000 personnes ont franchi la porte de la Maison du V\u00e9lo en 2021, soit une augmentation de 50 % par rapport \u00e0 2019 (ann\u00e9e de r\u00e9f\u00e9rence avant la pand\u00e9mie) !<\/p>\n<p>\u00a0<\/p>\n<p class=\"has-black-color has-text-color\">Dans le m\u00eame temps salari\u00e9s et b\u00e9n\u00e9voles ont remis en \u00e9tat et vendus 109 v\u00e9los, tandis que 206 v\u00e9los ont trouv\u00e9 un nouvel acqu\u00e9reur lors de nos bourses aux v\u00e9los.<\/p>\n<p>\u00a0<\/p>\n<p class=\"has-black-color has-text-color\">2021 a donc \u00e9t\u00e9 une excellente ann\u00e9e pour l&rsquo;activit\u00e9 de notre association et d\u00e9montre l&rsquo;attrait des habitants de notre m\u00e9tropole pour l&rsquo;usage du v\u00e9lo.<\/p>\n<p>\u00a0<\/p>\n<p class=\"has-black-color has-text-color\">Pour cette nouvelle ann\u00e9e, nous vous proposons de poursuivre ensemble ce mouvement en faveur du v\u00e9lo et vous souhaitons \u00e0 vous et \u00e0 vos proches le meilleur.<\/p>\n<p>\u00a0<\/p>\n<p class=\"has-black-color has-text-color\"><strong>Herv\u00e9 RIBON <\/strong><\/p>\n<p class=\"has-black-color has-text-color\">Pr\u00e9sident de l&rsquo;association Metz \u00e0 V\u00e9lo<\/p>\n\n<p>\u00a0<\/p>\n<p>\u00a0<\/p>\n\n<p>\u00a0<\/p>\n\n<div class=\"wp-block-columns is-layout-flex wp-container-core-columns-is-layout-28f84493 wp-block-columns-is-layout-flex\">\n<div class=\"wp-block-column is-layout-flow wp-block-column-is-layout-flow\" style=\"flex-basis: 100%;\">\n<div class=\"wp-block-group is-layout-flow wp-block-group-is-layout-flow\">\n<div class=\"wp-block-columns are-vertically-aligned-bottom is-layout-flex wp-container-core-columns-is-layout-28f84493 wp-block-columns-is-layout-flex\">\n<div class=\"wp-block-column is-vertically-aligned-bottom is-layout-flow wp-block-column-is-layout-flow\" style=\"flex-basis: 100%;\">\n<figure class=\"wp-block-image size-full\"><img decoding=\"async\" width=\"940\" height=\"788\" class=\"wp-image-2653\" src=\"https:\/\/www.metzavelo.fr\/wp-content\/uploads\/2022\/01\/3-1.png\" alt=\"\" srcset=\"https:\/\/www.metzavelo.fr\/wp-content\/uploads\/2022\/01\/3-1.png 940w, https:\/\/www.metzavelo.fr\/wp-content\/uploads\/2022\/01\/3-1-300x251.png 300w, https:\/\/www.metzavelo.fr\/wp-content\/uploads\/2022\/01\/3-1-768x644.png 768w\" sizes=\"(max-width: 940px) 100vw, 940px\" \/>\n<figcaption>Metz \u00e0 V\u00e9lo r\u00e9cup\u00e8re tous dons de v\u00e9los &#8211; ils seront remis en \u00e9tat ou d\u00e9mont\u00e9s pour r\u00e9cup\u00e9ration de pi\u00e8ces<\/figcaption>\n<\/figure>\n\n<p>\u00a0<\/p>\n\n<figure class=\"wp-block-image size-full\"><img decoding=\"async\" width=\"940\" height=\"788\" class=\"wp-image-2648\" src=\"https:\/\/www.metzavelo.fr\/wp-content\/uploads\/2022\/01\/4.png\" alt=\"\" srcset=\"https:\/\/www.metzavelo.fr\/wp-content\/uploads\/2022\/01\/4.png 940w, https:\/\/www.metzavelo.fr\/wp-content\/uploads\/2022\/01\/4-300x251.png 300w, https:\/\/www.metzavelo.fr\/wp-content\/uploads\/2022\/01\/4-768x644.png 768w\" sizes=\"(max-width: 940px) 100vw, 940px\" \/>\n<figcaption>99 v\u00e9los vendus au sein de la Maison du V\u00e9lo en 2021<\/figcaption>\n<\/figure>\n\n<p>\u00a0<\/p>\n\n<figure class=\"wp-block-image size-full\"><img loading=\"lazy\" decoding=\"async\" width=\"940\" height=\"788\" class=\"wp-image-2649\" src=\"https:\/\/www.metzavelo.fr\/wp-content\/uploads\/2022\/01\/5.png\" alt=\"\" srcset=\"https:\/\/www.metzavelo.fr\/wp-content\/uploads\/2022\/01\/5.png 940w, https:\/\/www.metzavelo.fr\/wp-content\/uploads\/2022\/01\/5-300x251.png 300w, https:\/\/www.metzavelo.fr\/wp-content\/uploads\/2022\/01\/5-768x644.png 768w\" sizes=\"(max-width: 940px) 100vw, 940px\" \/>\n<figcaption>605 adh\u00e9rents dont une trentaine de b\u00e9n\u00e9voles actifs, pour soutenir le d\u00e9veloppement du v\u00e9lo \u00e0 Metz et environs.<\/figcaption>\n<\/figure>\n\n<p>\u00a0<\/p>\n\n<figure class=\"wp-block-image size-full\"><img loading=\"lazy\" decoding=\"async\" width=\"940\" height=\"788\" class=\"wp-image-2650\" src=\"https:\/\/www.metzavelo.fr\/wp-content\/uploads\/2022\/01\/6.png\" alt=\"\" srcset=\"https:\/\/www.metzavelo.fr\/wp-content\/uploads\/2022\/01\/6.png 940w, https:\/\/www.metzavelo.fr\/wp-content\/uploads\/2022\/01\/6-300x251.png 300w, https:\/\/www.metzavelo.fr\/wp-content\/uploads\/2022\/01\/6-768x644.png 768w\" sizes=\"(max-width: 940px) 100vw, 940px\" \/>\n<figcaption><br \/>35 personnes ont particip\u00e9 \u00e0 l&rsquo;\u00e9cole de v\u00e9lo, pour apprendre le v\u00e9lo ou se remettre en selle !<\/figcaption>\n<\/figure>\n<\/div>\n<\/div>\n<\/div>\n<\/div>\n<\/div>\n\t\t\t\t\t\t\t\t<\/div>\n\t\t\t\t<\/div>\n\t\t\t\t\t<\/div>\n\t\t<\/div>\n\t\t\t\t\t<\/div>\n\t\t<\/section>\n\t\t\t\t<\/div>\n\t\t","protected":false},"excerpt":{"rendered":"<p>&nbsp; Plus de 3 000 personnes ont franchi la porte de la Maison du V\u00e9lo en 2021, soit une augmentation de 50 % par rapport \u00e0 2019 (ann\u00e9e de r\u00e9f\u00e9rence avant la pand\u00e9mie) ! &nbsp; Dans le m\u00eame temps salari\u00e9s et b\u00e9n\u00e9voles ont remis en \u00e9tat et vendus 109 v\u00e9los, tandis que 206 v\u00e9los ont [&hellip;]<\/p>\n","protected":false},"author":4,"featured_media":2651,"comment_status":"closed","ping_status":"closed","sticky":false,"template":"","format":"standard","meta":{"footnotes":""},"categories":[8],"tags":[],"class_list":["post-2646","post","type-post","status-publish","format-standard","has-post-thumbnail","hentry","category-maison-du-velo"],"_links":{"self":[{"href":"https:\/\/www.metzavelo.fr\/index.php?rest_route=\/wp\/v2\/posts\/2646","targetHints":{"allow":["GET"]}}],"collection":[{"href":"https:\/\/www.metzavelo.fr\/index.php?rest_route=\/wp\/v2\/posts"}],"about":[{"href":"https:\/\/www.metzavelo.fr\/index.php?rest_route=\/wp\/v2\/types\/post"}],"author":[{"embeddable":true,"href":"https:\/\/www.metzavelo.fr\/index.php?rest_route=\/wp\/v2\/users\/4"}],"replies":[{"embeddable":true,"href":"https:\/\/www.metzavelo.fr\/index.php?rest_route=%2Fwp%2Fv2%2Fcomments&post=2646"}],"version-history":[{"count":14,"href":"https:\/\/www.metzavelo.fr\/index.php?rest_route=\/wp\/v2\/posts\/2646\/revisions"}],"predecessor-version":[{"id":2667,"href":"https:\/\/www.metzavelo.fr\/index.php?rest_route=\/wp\/v2\/posts\/2646\/revisions\/2667"}],"wp:featuredmedia":[{"embeddable":true,"href":"https:\/\/www.metzavelo.fr\/index.php?rest_route=\/wp\/v2\/media\/2651"}],"wp:attachment":[{"href":"https:\/\/www.metzavelo.fr\/index.php?rest_route=%2Fwp%2Fv2%2Fmedia&parent=2646"}],"wp:term":[{"taxonomy":"category","embeddable":true,"href":"https:\/\/www.metzavelo.fr\/index.php?rest_route=%2Fwp%2Fv2%2Fcategories&post=2646"},{"taxonomy":"post_tag","embeddable":true,"href":"https:\/\/www.metzavelo.fr\/index.php?rest_route=%2Fwp%2Fv2%2Ftags&post=2646"}],"curies":[{"name":"wp","href":"https:\/\/api.w.org\/{rel}","templated":true}]}}