{"id":2441,"date":"2021-08-23T09:26:27","date_gmt":"2021-08-23T07:26:27","guid":{"rendered":"https:\/\/www.metzavelo.fr\/?p=2441"},"modified":"2024-07-07T15:01:49","modified_gmt":"2024-07-07T13:01:49","slug":"animations-septembre","status":"publish","type":"post","link":"https:\/\/www.metzavelo.fr\/?p=2441","title":{"rendered":"Animations de septembre"},"content":{"rendered":"\t\t<div data-elementor-type=\"wp-post\" data-elementor-id=\"2441\" class=\"elementor elementor-2441\" data-elementor-post-type=\"post\">\n\t\t\t\t\t\t<section class=\"elementor-section elementor-top-section elementor-element elementor-element-10633482 elementor-section-boxed elementor-section-height-default elementor-section-height-default\" data-id=\"10633482\" data-element_type=\"section\" data-e-type=\"section\">\n\t\t\t\t\t\t<div class=\"elementor-container elementor-column-gap-default\">\n\t\t\t\t\t<div class=\"elementor-column elementor-col-100 elementor-top-column elementor-element elementor-element-3f510945\" data-id=\"3f510945\" data-element_type=\"column\" data-e-type=\"column\">\n\t\t\t<div class=\"elementor-widget-wrap elementor-element-populated\">\n\t\t\t\t\t\t<div class=\"elementor-element elementor-element-5997138b elementor-widget elementor-widget-text-editor\" data-id=\"5997138b\" data-element_type=\"widget\" data-e-type=\"widget\" data-widget_type=\"text-editor.default\">\n\t\t\t\t<div class=\"elementor-widget-container\">\n\t\t\t\t\t\t\t\t\t<p><\/p>\n<p>Entre la Bourse aux V\u00e9los et les diff\u00e9rentes balades, le mois de septembre s&rsquo;annonce tr\u00e8s riche en animations v\u00e9lo !<\/p>\n<p>\u00a0<\/p>\n<p><\/p>\n<p><\/p>\n<p><\/p>\n<p><\/p>\n<p><strong>Dimanche 5 septembre &#8211; Chouette Balade &#8211; Le long de la Voie Bleue <br \/><\/strong><\/p>\n<div class=\"kvgmc6g5 cxmmr5t8 oygrvhab hcukyx3x c1et5uql ii04i59q\">\n<div dir=\"auto\">Parcours de 43 km aller &#8211; retour possible \u00e0 v\u00e9lo ou en train (3\u20ac)<\/div>\n<\/div>\n<div class=\"o9v6fnle cxmmr5t8 oygrvhab hcukyx3x c1et5uql ii04i59q\">\n<div dir=\"auto\">&#8211; Lieux visit\u00e9s : Pagny-sur-Moselle, Pr\u00e9ny,\u00a0 Pont-\u00e0-Mousson<\/div>\n<\/div>\n<p><\/p>\n<p><\/p>\n<p><a href=\"http:\/\/chouettebalade.fr\/promenades-a-velo-commentees-grand-est\/\" target=\"_blank\" rel=\"noreferrer noopener\">Inscription pr\u00e9alable<\/a> de 10\u20ac par participant<\/p>\n<p>\u00a0<\/p>\n<p><\/p>\n<p><\/p>\n<p><strong>Lundi 6 au samedi 11 septembre &#8211; Bourse aux V\u00e9los <\/strong><\/p>\n<p><\/p>\n<p><\/p>\n<p>D\u00e9pot\/vente de v\u00e9los d&rsquo;occasion au campus du Saulcy<\/p>\n<p><\/p>\n<p><\/p>\n<p>D\u00e9p\u00f4t : lundi \u00e0 vendredi de 17h \u00e0 19h<\/p>\n<p><\/p>\n<p><\/p>\n<p>Vente : vendredi de 10h \u00e0 19h et samedi de 10h \u00e0 17h<\/p>\n<p>\u00a0<\/p>\n<p><\/p>\n<p><\/p>\n<p><\/p>\n<p><\/p>\n<p><strong>Samedi 18 &amp; dimanche 19 septembre &#8211; \u00ab\u00a0P\u00e9dalons vers l&rsquo;histoire\u00a0\u00bb <\/strong><\/p>\n<p><\/p>\n<p><\/p>\n<p>Visite guid\u00e9e de 4 sites patrimoniaux \u00e0 v\u00e9lo (H\u00f4tel de Ville, Porte des Allemands, Basilique St Vincent et les remparts), organis\u00e9e par l\u2019association Metz \u00e0 v\u00e9lo, le p\u00f4le Mobilit\u00e9-transport de Metz M\u00e9tropole et le service Patrimoine culturel de la Ville de Metz<\/p>\n<p>D\u00e9part place d\u2019Armes \u2013 samedi \u00e0 14h30 \u2013 dimanche \u00e0 10h (dur\u00e9e 2 heures)<\/p>\n<p><a href=\"https:\/\/demarches.services.metzmetropole.fr\/ville-de-metz\/reserver-un-rendez-vous-culturel-de-l-ete\/\">Sur r\u00e9servation<\/a><\/p>\n<p>\u00a0<\/p>\n<p><strong>Mardi 21 septembre\u00a0<\/strong> \u2013 <a href=\"https:\/\/www.metzavelo.fr\/perm-des-cyclettes\/\">Perm\u2019 des Cyclettes<\/a><br \/>Permanence organis\u00e9e par et pour les femmes chaque 3eme mardi du mois de 17h \u00e0 19h (sans inscription)<\/p>\n<p>\u00a0<\/p>\n<p><\/p>\n<p><\/p>\n<p><strong>Samedi 25 &amp; dimanche 26 &#8211; Grand Week-End V\u00e9lo<\/strong><\/p>\n<p><\/p>\n<p><\/p>\n<p>\u00a0<\/p>\n<p>Metz \u00e0 V\u00e9lo proposera\u00a0 :<\/p>\n<ul>\n<li><strong>atelier mobile<\/strong> : initiation \u00e0 la m\u00e9canique v\u00e9lo, diagnostic, petit entretien, marquage contre le vol (Bicycode)\u00a0<\/li>\n<li><strong>stands d&rsquo;informations<\/strong> (activit\u00e9s de l&rsquo;association, voyage \u00e0 v\u00e9lo) aux c\u00f4t\u00e9s de nos partenaires Chouette Balade (samedi) et Osez le F\u00e9minisme (dimanche)<\/li>\n<li><strong>circuit d&rsquo;initiation<\/strong> pour enfants et <strong>circuit d&rsquo;habilet\u00e9<\/strong> pour ados et adultes<\/li>\n<li><strong>balade<\/strong> : samedi de 15h \u00e0 17h &#8211; A la d\u00e9couverte des itin\u00e9raires cyclables (20kms &#8211; sans inscription)<\/li>\n<\/ul>\n<p>\u00a0<\/p>\n<p><\/p>\n<p><\/p>\n<p><strong>Dimanche 26 septembre &#8211; Chouette Balade &#8211; Le Nord Messin (39kms)<\/strong><\/p>\n<p><\/p>\n<p><\/p>\n<p>Lieux visit\u00e9s : Maizi\u00e8res-l\u00e8s-Metz, Marange-Silvange, Bronvaux <br \/>F\u00e8ves, Saulny, Lorry-l\u00e8s-Metz, Plappeville<\/p>\n<p><a href=\"http:\/\/chouettebalade.fr\/promenades-a-velo-commentees-grand-est\/\" target=\"_blank\" rel=\"noreferrer noopener\">Inscription pr\u00e9alable<\/a> de 10\u20ac par participant<\/p>\n<p><\/p>\t\t\t\t\t\t\t\t<\/div>\n\t\t\t\t<\/div>\n\t\t\t\t\t<\/div>\n\t\t<\/div>\n\t\t\t\t\t<\/div>\n\t\t<\/section>\n\t\t\t\t<\/div>\n\t\t","protected":false},"excerpt":{"rendered":"<p>Entre la Bourse aux V\u00e9los et les diff\u00e9rentes balades, le mois de septembre s&rsquo;annonce tr\u00e8s riche en animations v\u00e9lo ! \u00a0 Dimanche 5 septembre &#8211; Chouette Balade &#8211; Le long de la Voie Bleue Parcours de 43 km aller &#8211; retour possible \u00e0 v\u00e9lo ou en train (3\u20ac) &#8211; Lieux visit\u00e9s : Pagny-sur-Moselle, Pr\u00e9ny,\u00a0 Pont-\u00e0-Mousson [&hellip;]<\/p>\n","protected":false},"author":4,"featured_media":2332,"comment_status":"closed","ping_status":"open","sticky":false,"template":"","format":"standard","meta":{"footnotes":""},"categories":[8],"tags":[],"class_list":["post-2441","post","type-post","status-publish","format-standard","has-post-thumbnail","hentry","category-maison-du-velo"],"_links":{"self":[{"href":"https:\/\/www.metzavelo.fr\/index.php?rest_route=\/wp\/v2\/posts\/2441","targetHints":{"allow":["GET"]}}],"collection":[{"href":"https:\/\/www.metzavelo.fr\/index.php?rest_route=\/wp\/v2\/posts"}],"about":[{"href":"https:\/\/www.metzavelo.fr\/index.php?rest_route=\/wp\/v2\/types\/post"}],"author":[{"embeddable":true,"href":"https:\/\/www.metzavelo.fr\/index.php?rest_route=\/wp\/v2\/users\/4"}],"replies":[{"embeddable":true,"href":"https:\/\/www.metzavelo.fr\/index.php?rest_route=%2Fwp%2Fv2%2Fcomments&post=2441"}],"version-history":[{"count":20,"href":"https:\/\/www.metzavelo.fr\/index.php?rest_route=\/wp\/v2\/posts\/2441\/revisions"}],"predecessor-version":[{"id":2489,"href":"https:\/\/www.metzavelo.fr\/index.php?rest_route=\/wp\/v2\/posts\/2441\/revisions\/2489"}],"wp:featuredmedia":[{"embeddable":true,"href":"https:\/\/www.metzavelo.fr\/index.php?rest_route=\/wp\/v2\/media\/2332"}],"wp:attachment":[{"href":"https:\/\/www.metzavelo.fr\/index.php?rest_route=%2Fwp%2Fv2%2Fmedia&parent=2441"}],"wp:term":[{"taxonomy":"category","embeddable":true,"href":"https:\/\/www.metzavelo.fr\/index.php?rest_route=%2Fwp%2Fv2%2Fcategories&post=2441"},{"taxonomy":"post_tag","embeddable":true,"href":"https:\/\/www.metzavelo.fr\/index.php?rest_route=%2Fwp%2Fv2%2Ftags&post=2441"}],"curies":[{"name":"wp","href":"https:\/\/api.w.org\/{rel}","templated":true}]}}