{"id":2399,"date":"2021-07-23T15:33:17","date_gmt":"2021-07-23T13:33:17","guid":{"rendered":"https:\/\/www.metzavelo.fr\/?p=2399"},"modified":"2021-07-23T15:38:50","modified_gmt":"2021-07-23T13:38:50","slug":"missions-en-service-civique","status":"publish","type":"post","link":"https:\/\/www.metzavelo.fr\/?p=2399","title":{"rendered":"Missions en Service Civique"},"content":{"rendered":"\n<p>Le Service Civique est ouvert \u00e0 tous les jeunes entre 16 et 25 ans et \u00e9largi \u00e0 30 ans pour les jeunes en situation de handicap.<br>Deux postes sont \u00e0 pourvoir pour promouvoir et rendre accessible la pratique du v\u00e9lo au quotidien, \u00e0 partir du mois de septembre.<\/p>\n\n\n\n<p>Retrouvez plus en d\u00e9tail les <a href=\"https:\/\/www.service-civique.gouv.fr\/page\/les-conditions-pour-m-engager\" target=\"_blank\" rel=\"noreferrer noopener\">conditions du Service Civique<\/a><\/p>\n\n\n\n<h4 class=\"wp-block-heading\"><span class=\"has-inline-color has-luminous-vivid-amber-color\">Apprentissage du v\u00e9lo<\/span><\/h4>\n\n\n\n<p>Le volontaire auront pour mission, en collaboration avec l\u2019\u00e9quipe salari\u00e9e et les b\u00e9n\u00e9voles :<\/p>\n\n\n\n<ul class=\"wp-block-list\"><li>Participer \u00e0 l&rsquo;animation des sessions de v\u00e9lo-\u00e9coles : r\u00e8gles de circulation, sp\u00e9cificit\u00e9s cyclistes du code de la route, conseils de positionnement sur la voirie et les am\u00e9nagements dans diff\u00e9rentes situations, connaissance des bons gestes \u00e0 effectuer, apprentissage du v\u00e9lo en milieu urbain en site propre puis dans le trafic ;<\/li><li>Accueillir et informer les participants aux cours de v\u00e9lo-\u00e9cole ;<\/li><li>D\u00e9velopper et promouvoir l\u2019activit\u00e9 v\u00e9lo-\u00e9cole dans des milieux vari\u00e9s ;<\/li><li>Participer \u00e0 l&rsquo;encadrement des balades en ville pour cyclo-d\u00e9butants, entre autres ;<\/li><li>Participer \u00e0 l\u2019accueil et aux temps fort de l\u2019association ;<\/li><li>Participer \u00e0 des animations organis\u00e9es par l&rsquo;association (Bourses aux v\u00e9los, balades v\u00e9lo, challenges, f\u00eate du v\u00e9lo\u2026)<\/li><li>Sur proposition du volontaire, des actions compl\u00e9mentaires pourront \u00eatre mise en \u0153uvre.<br><br>\u00c0 partir du 1 septembre 2021 (8 mois, 28 h\/semaine)<\/li><\/ul>\n\n\n\n<p><br><strong>Pour postuler, rendez-vous sur le site du <a href=\"https:\/\/www.service-civique.gouv.fr\/missions\/promouvoir-et-rendre-accessible-la-pratique-du-velo-au-quotidien-par-lapprentissage-du-velo-3?fbclid=IwAR2CN0_tUmJfLrT_8J2-TXtzdYSpbneiQQTpD-mElaa7mqYg6d3lvbFVxqM\" target=\"_blank\" rel=\"noreferrer noopener\">Service Civique<\/a><\/strong><\/p>\n\n\n\n<h4 class=\"wp-block-heading\"><span class=\"has-inline-color has-luminous-vivid-amber-color\">Auto-r\u00e9paration et organisation de temps d\u2019\u00e9changes<\/span><\/h4>\n\n\n\n<p>Le volontaire aura pour mission, en collaboration avec l\u2019\u00e9quipe salari\u00e9e et les b\u00e9n\u00e9voles :<\/p>\n\n\n\n<ul class=\"wp-block-list\"><li>Participer aux activit\u00e9s de promotion du r\u00e9emploi et de la r\u00e9cup\u00e9ration de v\u00e9los ;<\/li><li>Proposer des outils et temps d\u2019animation pour am\u00e9liorer la fonctionnalit\u00e9 de l\u2019atelier (rangement, autonomie, animation vie b\u00e9n\u00e9vole);<\/li><li>Proposer, animer, construire des animations pour apprendre \u00e0 r\u00e9parer son v\u00e9lo : faire le diagnostic<br>du v\u00e9lo, r\u00e9glages pour augmenter la s\u00e9curit\u00e9 et le confort ;<\/li><li>Contribuer au d\u00e9ploiement des animations ext\u00e9rieures (dispositif des ateliers mobiles et essaimage) ;<\/li><li>Participer \u00e0 l\u2019accueil et aux temps fort de l\u2019association ;<\/li><li>Sur proposition du volontaire, des actions compl\u00e9mentaires pourront \u00eatre mise en \u0153uvre<br><br>\u00c0 partir du 1 septembre 2021 (8 mois, 28 h\/semaine)<\/li><\/ul>\n\n\n\n<p><br><strong>Pour postuler, rendez-vous sur le site du <a href=\"https:\/\/www.service-civique.gouv.fr\/missions\/promouvoir-et-rendre-accessible-la-pratique-du-velo-au-quotidien-par-lautoreparation-et-lorganisation-de-temps-dechanges-5?fbclid=IwAR1a66i1rx3ECqwaxYE5VZodr1Uml-hUyQs3iyFWCa8oTq9u55tDYN-YRZw\" target=\"_blank\" rel=\"noreferrer noopener\">Service Civique<\/a><\/strong><\/p>\n","protected":false},"excerpt":{"rendered":"<p>Le Service Civique est ouvert \u00e0 tous les jeunes entre 16 et 25 ans et \u00e9largi \u00e0 30 ans pour les jeunes en situation de handicap.Deux postes sont \u00e0 pourvoir pour promouvoir et rendre accessible la pratique du v\u00e9lo au quotidien, \u00e0 partir du mois de septembre. Retrouvez plus en d\u00e9tail les conditions du Service [&hellip;]<\/p>\n","protected":false},"author":4,"featured_media":2404,"comment_status":"closed","ping_status":"open","sticky":false,"template":"","format":"standard","meta":{"footnotes":""},"categories":[8],"tags":[],"class_list":["post-2399","post","type-post","status-publish","format-standard","has-post-thumbnail","hentry","category-maison-du-velo"],"_links":{"self":[{"href":"https:\/\/www.metzavelo.fr\/index.php?rest_route=\/wp\/v2\/posts\/2399","targetHints":{"allow":["GET"]}}],"collection":[{"href":"https:\/\/www.metzavelo.fr\/index.php?rest_route=\/wp\/v2\/posts"}],"about":[{"href":"https:\/\/www.metzavelo.fr\/index.php?rest_route=\/wp\/v2\/types\/post"}],"author":[{"embeddable":true,"href":"https:\/\/www.metzavelo.fr\/index.php?rest_route=\/wp\/v2\/users\/4"}],"replies":[{"embeddable":true,"href":"https:\/\/www.metzavelo.fr\/index.php?rest_route=%2Fwp%2Fv2%2Fcomments&post=2399"}],"version-history":[{"count":2,"href":"https:\/\/www.metzavelo.fr\/index.php?rest_route=\/wp\/v2\/posts\/2399\/revisions"}],"predecessor-version":[{"id":2401,"href":"https:\/\/www.metzavelo.fr\/index.php?rest_route=\/wp\/v2\/posts\/2399\/revisions\/2401"}],"wp:featuredmedia":[{"embeddable":true,"href":"https:\/\/www.metzavelo.fr\/index.php?rest_route=\/wp\/v2\/media\/2404"}],"wp:attachment":[{"href":"https:\/\/www.metzavelo.fr\/index.php?rest_route=%2Fwp%2Fv2%2Fmedia&parent=2399"}],"wp:term":[{"taxonomy":"category","embeddable":true,"href":"https:\/\/www.metzavelo.fr\/index.php?rest_route=%2Fwp%2Fv2%2Fcategories&post=2399"},{"taxonomy":"post_tag","embeddable":true,"href":"https:\/\/www.metzavelo.fr\/index.php?rest_route=%2Fwp%2Fv2%2Ftags&post=2399"}],"curies":[{"name":"wp","href":"https:\/\/api.w.org\/{rel}","templated":true}]}}