{"id":2321,"date":"2021-06-29T10:57:12","date_gmt":"2021-06-29T08:57:12","guid":{"rendered":"https:\/\/www.metzavelo.fr\/?p=2321"},"modified":"2021-07-28T11:12:12","modified_gmt":"2021-07-28T09:12:12","slug":"animations-ete2021","status":"publish","type":"post","link":"https:\/\/www.metzavelo.fr\/?p=2321","title":{"rendered":"Animations de l&rsquo;\u00e9t\u00e9"},"content":{"rendered":"\t\t<div data-elementor-type=\"wp-post\" data-elementor-id=\"2321\" class=\"elementor elementor-2321\" data-elementor-post-type=\"post\">\n\t\t\t\t\t\t<section class=\"elementor-section elementor-top-section elementor-element elementor-element-266ff66a elementor-section-boxed elementor-section-height-default elementor-section-height-default\" data-id=\"266ff66a\" data-element_type=\"section\" data-e-type=\"section\">\n\t\t\t\t\t\t<div class=\"elementor-container elementor-column-gap-default\">\n\t\t\t\t\t<div class=\"elementor-column elementor-col-100 elementor-top-column elementor-element elementor-element-51a5cb44\" data-id=\"51a5cb44\" data-element_type=\"column\" data-e-type=\"column\">\n\t\t\t<div class=\"elementor-widget-wrap elementor-element-populated\">\n\t\t\t\t\t\t<div class=\"elementor-element elementor-element-e7752a4 elementor-widget elementor-widget-text-editor\" data-id=\"e7752a4\" data-element_type=\"widget\" data-e-type=\"widget\" data-widget_type=\"text-editor.default\">\n\t\t\t\t<div class=\"elementor-widget-container\">\n\t\t\t\t\t\t\t\t\t<p><\/p>\n<p>Entre les balades, les Animations Estivales et Metz Plage, l&rsquo;\u00e9t\u00e9 va \u00eatre riche en animations v\u00e9lo !<\/p>\n<p>\u00a0<\/p>\n<p><\/p>\n<p><\/p>\n<h4 class=\"wp-block-heading\">JUILLET<\/h4>\n<p><\/p>\n<p><\/p>\n<p><strong>Dimanche 4 juillet<\/strong> &#8211; Chouette Balade au Pays de Pange &#8211; 53 kilom\u00e8tres <br \/><a href=\"http:\/\/chouettebalade.fr\/promenades-a-velo-commentees-grand-est\/\" target=\"_blank\" rel=\"noreferrer noopener\">Inscription pr\u00e9alable<\/a> de 10\u20ac par participant<\/p>\n<p>\u00a0<\/p>\n<p>\u00a0<\/p>\n<p><\/p>\n<p><\/p>\n<p><strong>12 juillet au 31 juillet<\/strong> &#8211; Animation Estivale pour les enfants<\/p>\n<p><\/p>\n<p><\/p>\n<p>10h &#8211; 12h Atelier m\u00e9canique \u00e0 la Maison du V\u00e9lo<\/p>\n<p><\/p>\n<p><\/p>\n<p>14h &#8211; 16h \u00c9cole de v\u00e9lo sur piste Bon Pasteur<\/p>\n<p><\/p>\n<p><\/p>\n<p>Inscriptions sur <a href=\"https:\/\/animestivale.metz.fr\/\" target=\"_blank\" rel=\"noreferrer noopener\">animestivale.metz.fr<\/a><\/p>\n<p>\u00a0<\/p>\n<p>\u00a0<\/p>\n<p><\/p>\n<p><\/p>\n<p><\/p>\n<p><\/p>\n<p><\/p>\n<p><\/p>\n<p><strong>Dimanche 18 Juillet<\/strong> &#8211; Balade \u00e0 Jouy aux Arches <br \/>Partez \u00e0 la d\u00e9couverte de Jouy aux Arches avec une balade d&rsquo;une vingtaine de kilom\u00e8tres. <br \/>Rdv \u00e0 la Maison du v\u00e9lo \u00e0 9h15 pour un d\u00e9part \u00e0 9h30 &#8211; retour pour midi (sans inscription)<\/p>\n<p>\u00a0<\/p>\n<p>\u00a0<\/p>\n<p><\/p>\n<p><\/p>\n<p><strong>Mardi 20 juillet<\/strong> &#8211; <a href=\"https:\/\/www.metzavelo.fr\/perm-des-cyclettes\/\">Perm\u2019 des Cyclettes<\/a><br \/>Permanence organis\u00e9e par et pour les femmes chaque 3eme mardi du mois de 17h \u00e0 19h (sans inscription)<\/p>\n<p>\u00a0<\/p>\n<p>\u00a0<\/p>\n<p><\/p>\n<p><\/p>\n<p><strong>Samedi 24 et dimanche 25 juillet<\/strong> : Metz plage<\/p>\n<p><\/p>\n<p><\/p>\n<p><strong>14h &#8211; 18h <\/strong> : stand atelier et informations (samedi et dimanche)<\/p>\n<p><\/p>\n<p><\/p>\n<p><strong>16h &#8211; 18 h<\/strong> : Balade d&rsquo;une dizaine de kilom\u00e8tres<\/p>\n<p>Samedi &#8211; A la d\u00e9couverte de l\u2019\u00cele Saint-Symphorien et de l\u2019\u00eele de Saulcy<\/p>\n<p>Dimanche &#8211; A la d\u00e9couverte des remparts et des principaux monuments messins.<\/p>\n<p>Claude Spitznagel, historien, nous accompagnera exceptionnellement ce jour pour vous apporter des informations sur les diff\u00e9rents monuments rencontr\u00e9s au cours du parcours !<br \/><br \/><\/p>\n<p>Rendez-vous \u00e0 15h45 devant le stand Metz \u00e0 V\u00e9lo sur le site de Metz Plage.<\/p>\n<p>Possibilit\u00e9 de pr\u00eat d&rsquo;un V\u00e9lomet&rsquo; sur place, le temps de la balade.<\/p>\n<p>\u00a0<\/p>\n<p><\/p>\n<p><\/p>\n<p><strong>Samedi 31 juillet \/ dimanche 1er ao\u00fbt\u00a0<\/strong> : Metz plage<\/p>\n<p><\/p>\n<p><\/p>\n<p><strong>14h &#8211; 18h <\/strong> : stand atelier et informations (samedi et dimanche)<\/p>\n<p><\/p>\n<p><\/p>\n<p><strong>16h &#8211; 18 h<\/strong> : Balade d&rsquo;une dizaine de kilom\u00e8tres<\/p>\n<p>Samedi &#8211; A la d\u00e9couverte de l\u2019\u00cele Saint-Symphorien et de l\u2019\u00eele de Saulcy<\/p>\n<p>Dimanche &#8211; A la d\u00e9couverte des remparts et des principaux monuments messins.<\/p>\n<p>\u00a0<\/p>\n<p>Rendez-vous \u00e0 15h45 devant le stand Metz \u00e0 V\u00e9lo sur le site de Metz Plage.<\/p>\n<p>Possibilit\u00e9 de pr\u00eat d&rsquo;un V\u00e9lomet&rsquo; sur place, le temps de la balade.<\/p>\n<p><\/p>\n<p><\/p>\n<p><\/p>\n<p><\/p>\n<h4 class=\"wp-block-heading\">AOUT<\/h4>\n<p><\/p>\n<p><\/p>\n<p><strong>Samedi 7 et dimanche 8 ao\u00fbt<\/strong> &#8211; Metz plage<\/p>\n<p><\/p>\n<p><\/p>\n<p><strong>14h &#8211; 18h <\/strong> : stand atelier et informations (samedi et dimanche)<\/p>\n<p><\/p>\n<p><\/p>\n<p><strong>16h &#8211; 18 h<\/strong> : Balade d&rsquo;une dizaine de kilom\u00e8tres<\/p>\n<p>Samedi &#8211; A la d\u00e9couverte de l\u2019\u00cele Saint-Symphorien et de l\u2019\u00eele de Saulcy<\/p>\n<p>\u00a0<\/p>\n<p>Rendez-vous \u00e0 15h45 devant le stand Metz \u00e0 V\u00e9lo sur le site de Metz Plage.<\/p>\n<p>Possibilit\u00e9 de pr\u00eat d&rsquo;un V\u00e9lomet&rsquo; sur place, le temps de la balade.<\/p>\n<p>\u00a0<\/p>\n<p><strong>Dimanche 8 aout<\/strong> &#8211; Chouette Balade au Pays des Etangs &#8211; 49 kilom\u00e8tres<\/p>\n<p>Retonfey, Les Etangs, Hayes, Vry, Sanry-l\u00e8s-vigy, Charly-Oradour, Malroy <\/p>\n<p><a href=\"http:\/\/chouettebalade.fr\/promenades-a-velo-commentees-grand-est\/\" target=\"_blank\" rel=\"noreferrer noopener\">Inscription pr\u00e9alable<\/a> de 10\u20ac par participant<\/p>\n<p>\u00a0<\/p>\n<p><\/p>\n<p><\/p>\n<p><\/p>\n<p><\/p>\n<p><strong>Samedi 14 et dimanche 15 ao\u00fbt<\/strong> &#8211; Metz plage<\/p>\n<p><\/p>\n<p><\/p>\n<p><strong>14h &#8211; 18h <\/strong> : stand atelier et informations (samedi et dimanche)<\/p>\n<p><\/p>\n<p><\/p>\n<p><strong>16h &#8211; 18 h<\/strong> : Balade d&rsquo;une dizaine de kilom\u00e8tres<\/p>\n<p>Samedi &#8211; A la d\u00e9couverte de l\u2019\u00cele Saint-Symphorien et de l\u2019\u00eele de Saulcy<\/p>\n<p>Dimanche &#8211; A la d\u00e9couverte des remparts et des principaux monuments messins.<\/p>\n<p>\u00a0<\/p>\n<p>Rendez-vous \u00e0 15h45 devant le stand Metz \u00e0 V\u00e9lo sur le site de Metz Plage.<\/p>\n<p>Possibilit\u00e9 de pr\u00eat d&rsquo;un V\u00e9lomet&rsquo; sur place, le temps de la balade.<\/p>\n<p>\u00a0<\/p>\n<p><\/p>\n<div><strong>Mardi 17 aout<\/strong> &#8211; <a href=\"https:\/\/www.metzavelo.fr\/perm-des-cyclettes\/\">Perm\u2019 des Cyclettes<\/a><br \/>Permanence organis\u00e9e par et pour les femmes chaque 3eme mardi du mois de 17h \u00e0 19h (sans inscription)<\/div>\n<div>\u00a0<\/div>\t\t\t\t\t\t\t\t<\/div>\n\t\t\t\t<\/div>\n\t\t\t\t\t<\/div>\n\t\t<\/div>\n\t\t\t\t\t<\/div>\n\t\t<\/section>\n\t\t\t\t<\/div>\n\t\t","protected":false},"excerpt":{"rendered":"<p>Entre les balades, les Animations Estivales et Metz Plage, l&rsquo;\u00e9t\u00e9 va \u00eatre riche en animations v\u00e9lo ! \u00a0 JUILLET Dimanche 4 juillet &#8211; Chouette Balade au Pays de Pange &#8211; 53 kilom\u00e8tres Inscription pr\u00e9alable de 10\u20ac par participant \u00a0 \u00a0 12 juillet au 31 juillet &#8211; Animation Estivale pour les enfants 10h &#8211; 12h Atelier [&hellip;]<\/p>\n","protected":false},"author":4,"featured_media":2332,"comment_status":"closed","ping_status":"open","sticky":false,"template":"","format":"standard","meta":{"footnotes":""},"categories":[8],"tags":[],"class_list":["post-2321","post","type-post","status-publish","format-standard","has-post-thumbnail","hentry","category-maison-du-velo"],"_links":{"self":[{"href":"https:\/\/www.metzavelo.fr\/index.php?rest_route=\/wp\/v2\/posts\/2321","targetHints":{"allow":["GET"]}}],"collection":[{"href":"https:\/\/www.metzavelo.fr\/index.php?rest_route=\/wp\/v2\/posts"}],"about":[{"href":"https:\/\/www.metzavelo.fr\/index.php?rest_route=\/wp\/v2\/types\/post"}],"author":[{"embeddable":true,"href":"https:\/\/www.metzavelo.fr\/index.php?rest_route=\/wp\/v2\/users\/4"}],"replies":[{"embeddable":true,"href":"https:\/\/www.metzavelo.fr\/index.php?rest_route=%2Fwp%2Fv2%2Fcomments&post=2321"}],"version-history":[{"count":37,"href":"https:\/\/www.metzavelo.fr\/index.php?rest_route=\/wp\/v2\/posts\/2321\/revisions"}],"predecessor-version":[{"id":2409,"href":"https:\/\/www.metzavelo.fr\/index.php?rest_route=\/wp\/v2\/posts\/2321\/revisions\/2409"}],"wp:featuredmedia":[{"embeddable":true,"href":"https:\/\/www.metzavelo.fr\/index.php?rest_route=\/wp\/v2\/media\/2332"}],"wp:attachment":[{"href":"https:\/\/www.metzavelo.fr\/index.php?rest_route=%2Fwp%2Fv2%2Fmedia&parent=2321"}],"wp:term":[{"taxonomy":"category","embeddable":true,"href":"https:\/\/www.metzavelo.fr\/index.php?rest_route=%2Fwp%2Fv2%2Fcategories&post=2321"},{"taxonomy":"post_tag","embeddable":true,"href":"https:\/\/www.metzavelo.fr\/index.php?rest_route=%2Fwp%2Fv2%2Ftags&post=2321"}],"curies":[{"name":"wp","href":"https:\/\/api.w.org\/{rel}","templated":true}]}}