{"id":2021,"date":"2021-03-29T12:04:19","date_gmt":"2021-03-29T10:04:19","guid":{"rendered":"https:\/\/www.metzavelo.fr\/?p=2021"},"modified":"2021-04-26T09:31:44","modified_gmt":"2021-04-26T07:31:44","slug":"defi-jy-vais-2021","status":"publish","type":"post","link":"https:\/\/www.metzavelo.fr\/?p=2021","title":{"rendered":"D\u00e9fi \u00ab\u00a0J&rsquo;y vais\u00a0\u00bb 2021"},"content":{"rendered":"\n<figure class=\"wp-block-image size-large is-resized\"><img fetchpriority=\"high\" decoding=\"async\" src=\"https:\/\/www.metzavelo.fr\/wp-content\/uploads\/2021\/03\/163059950_2536883376615282_1599272940714844416_o-1024x722.jpg\" alt=\"\" class=\"wp-image-2024\" width=\"584\" height=\"412\" srcset=\"https:\/\/www.metzavelo.fr\/wp-content\/uploads\/2021\/03\/163059950_2536883376615282_1599272940714844416_o-1024x722.jpg 1024w, https:\/\/www.metzavelo.fr\/wp-content\/uploads\/2021\/03\/163059950_2536883376615282_1599272940714844416_o-300x211.jpg 300w, https:\/\/www.metzavelo.fr\/wp-content\/uploads\/2021\/03\/163059950_2536883376615282_1599272940714844416_o-768x541.jpg 768w, https:\/\/www.metzavelo.fr\/wp-content\/uploads\/2021\/03\/163059950_2536883376615282_1599272940714844416_o.jpg 1240w\" sizes=\"(max-width: 584px) 100vw, 584px\" \/><\/figure>\n\n\n\n<p>Cette ann\u00e9e, le d\u00e9fi \u00ab\u00a0J&rsquo;y vais\u00a0\u00bb durera 3 semaines, du <strong>17 mai au 6 juin<\/strong>.<br>L&rsquo;association Metz \u00e0 V\u00e9lo se charge de l&rsquo;animation du d\u00e9fi \u00ab\u00a0Au boulot j&rsquo;y vais \u00e0 v\u00e9lo\u00a0\u00bb,  et \u00ab\u00a0A l&rsquo;\u00e9cole, j&rsquo;y vais \u00e0 v\u00e9lo\u00a0\u00bb (\u00e9coles primaires et lyc\u00e9es), pilot\u00e9 par Metz M\u00e9tropole .<br><br><br><strong><span class=\"has-inline-color has-luminous-vivid-amber-color\">Comment s\u2019inscrire  ?<\/span><\/strong><br>Chaque structure souhaitant participer au D\u00e9fi \u00ab Au boulot, j\u2019y vais \u00e0 v\u00e9lo ! \u00bb s&rsquo;inscrit en deux \u00e9tapes via un r\u00e9f\u00e9rent d\u00e9fi identifi\u00e9 : <\/p>\n\n\n\n<ul class=\"wp-block-list\"><li><strong>Le r\u00e9f\u00e9rent inscrit son \u00e9tablissement<\/strong> sur le <a href=\"https:\/\/defi-jyvais.fr\/les-defis\/defi-velo\/\">site web du d\u00e9fi<\/a><a href=\"https:\/\/defi-jyvais.fr\"> <\/a>:<br>Un \u00ab code \u00e9tablissement \u00bb sera fourni au r\u00e9f\u00e9rent. Ce code permettra aux participants d\u2019\u00eatre rattach\u00e9s \u00e0 leur structure lors de la cr\u00e9ation de leur compte. Le r\u00e9f\u00e9rent aura la vision globale sur l\u2019ensemble des participants et pourra ainsi animer le D\u00e9fi et enregistrer les donn\u00e9es des participants.<br>&nbsp;&nbsp;<\/li><li><strong>Il transmet ce code \u00e0 tous les membres<\/strong> de sa structure pour leur permettre de s\u2019inscrire en tant que participant, et de renseigner leurs kilom\u00e8tres parcourus \u00e0 v\u00e9lo.<\/li><\/ul>\n\n\n\n<h4 class=\"wp-block-heading\"><strong><span class=\"has-inline-color has-luminous-vivid-amber-color\">Les nouveaut\u00e9s 2021<\/span><\/strong><\/h4>\n\n\n\n<ul class=\"wp-block-list\"><li>1 semaine de plus pour relever le d\u00e9fi : le d\u00e9fi durera <strong>3 semaines <\/strong>cette ann\u00e9e <\/li><li>De nouveaux territoires ont rejoint le d\u00e9fi ! Cette ann\u00e9e, <strong>29 territoires<\/strong> du Grand-Est sont partenaires.<\/li><\/ul>\n\n\n\n<h4 class=\"wp-block-heading\"><span class=\"has-inline-color has-luminous-vivid-amber-color\">Bilan 2020 <\/span><\/h4>\n\n\n\n<p>Bilan du d\u00e9fi \u201d Au boulot, j\u2019y vais \u00e0 v\u00e9lo 2020\u201d sur le <strong>territoire de Metz M\u00e9tropole<\/strong> :<\/p>\n\n\n\n<p>319 participants<br>24 220 kms parcourus<br>4 844 kgs de CO2 \u00e9vit\u00e9s<\/p>\n\n\n\n<figure class=\"wp-block-gallery columns-3 is-cropped wp-block-gallery-1 is-layout-flex wp-block-gallery-is-layout-flex\"><ul class=\"blocks-gallery-grid\"><li class=\"blocks-gallery-item\"><figure><img decoding=\"async\" width=\"1024\" height=\"544\" src=\"https:\/\/www.metzavelo.fr\/wp-content\/uploads\/2020\/10\/aguram-1024x544.jpg\" alt=\"\" data-id=\"1464\" data-full-url=\"https:\/\/www.metzavelo.fr\/wp-content\/uploads\/2020\/10\/aguram.jpg\" data-link=\"https:\/\/www.metzavelo.fr\/bilan-defi-jy-vais-2020\/aguram\/\" class=\"wp-image-1464\" srcset=\"https:\/\/www.metzavelo.fr\/wp-content\/uploads\/2020\/10\/aguram-1024x544.jpg 1024w, https:\/\/www.metzavelo.fr\/wp-content\/uploads\/2020\/10\/aguram-300x159.jpg 300w, https:\/\/www.metzavelo.fr\/wp-content\/uploads\/2020\/10\/aguram-768x408.jpg 768w, https:\/\/www.metzavelo.fr\/wp-content\/uploads\/2020\/10\/aguram-1536x816.jpg 1536w, https:\/\/www.metzavelo.fr\/wp-content\/uploads\/2020\/10\/aguram.jpg 2048w\" sizes=\"(max-width: 1024px) 100vw, 1024px\" \/><\/figure><\/li><li class=\"blocks-gallery-item\"><figure><img decoding=\"async\" width=\"768\" height=\"1024\" src=\"https:\/\/www.metzavelo.fr\/wp-content\/uploads\/2020\/10\/cd57-768x1024.jpg\" alt=\"\" data-id=\"1461\" data-full-url=\"https:\/\/www.metzavelo.fr\/wp-content\/uploads\/2020\/10\/cd57.jpg\" data-link=\"https:\/\/www.metzavelo.fr\/bilan-defi-jy-vais-2020\/cd57\/\" class=\"wp-image-1461\" srcset=\"https:\/\/www.metzavelo.fr\/wp-content\/uploads\/2020\/10\/cd57-768x1024.jpg 768w, https:\/\/www.metzavelo.fr\/wp-content\/uploads\/2020\/10\/cd57-225x300.jpg 225w, https:\/\/www.metzavelo.fr\/wp-content\/uploads\/2020\/10\/cd57-1152x1536.jpg 1152w, https:\/\/www.metzavelo.fr\/wp-content\/uploads\/2020\/10\/cd57.jpg 1536w\" sizes=\"(max-width: 768px) 100vw, 768px\" \/><\/figure><\/li><li class=\"blocks-gallery-item\"><figure><img loading=\"lazy\" decoding=\"async\" width=\"1024\" height=\"683\" src=\"https:\/\/www.metzavelo.fr\/wp-content\/uploads\/2020\/10\/DSC05433-1024x683.jpg\" alt=\"\" data-id=\"1455\" data-full-url=\"https:\/\/www.metzavelo.fr\/wp-content\/uploads\/2020\/10\/DSC05433.jpg\" data-link=\"https:\/\/www.metzavelo.fr\/bilan-defi-jy-vais-2020\/dsc05433\/\" class=\"wp-image-1455\" srcset=\"https:\/\/www.metzavelo.fr\/wp-content\/uploads\/2020\/10\/DSC05433-1024x683.jpg 1024w, https:\/\/www.metzavelo.fr\/wp-content\/uploads\/2020\/10\/DSC05433-300x200.jpg 300w, https:\/\/www.metzavelo.fr\/wp-content\/uploads\/2020\/10\/DSC05433-768x512.jpg 768w, https:\/\/www.metzavelo.fr\/wp-content\/uploads\/2020\/10\/DSC05433-1536x1024.jpg 1536w, https:\/\/www.metzavelo.fr\/wp-content\/uploads\/2020\/10\/DSC05433-2048x1365.jpg 2048w, https:\/\/www.metzavelo.fr\/wp-content\/uploads\/2020\/10\/DSC05433-750x500.jpg 750w\" sizes=\"(max-width: 1024px) 100vw, 1024px\" \/><\/figure><\/li><\/ul><\/figure>\n\n\n\n<p><a href=\"https:\/\/www.metzavelo.fr\/bilan-defi-jy-vais-2020\/\" target=\"_blank\" rel=\"noreferrer noopener\">Retour sur le bilan du d\u00e9fi 2020<\/a><\/p>\n\n\n\n<h4 class=\"wp-block-heading\"><span class=\"has-inline-color has-luminous-vivid-amber-color\">Des questions ? <\/span><\/h4>\n\n\n\n<p class=\"has-black-color has-text-color\">Retrouvez la pr\u00e9sentation du d\u00e9fi v\u00e9lo, le guide pratique et le r\u00e8glement sur le site <a rel=\"noreferrer noopener\" href=\"https:\/\/defi-jyvais.fr\/defi-velo-principe\/\" target=\"_blank\">defi-j&rsquo;yvais.fr<\/a> <\/p>\n","protected":false},"excerpt":{"rendered":"<p>Cette ann\u00e9e, le d\u00e9fi \u00ab\u00a0J&rsquo;y vais\u00a0\u00bb durera 3 semaines, du 17 mai au 6 juin.L&rsquo;association Metz \u00e0 V\u00e9lo se charge de l&rsquo;animation du d\u00e9fi \u00ab\u00a0Au boulot j&rsquo;y vais \u00e0 v\u00e9lo\u00a0\u00bb, et \u00ab\u00a0A l&rsquo;\u00e9cole, j&rsquo;y vais \u00e0 v\u00e9lo\u00a0\u00bb (\u00e9coles primaires et lyc\u00e9es), pilot\u00e9 par Metz M\u00e9tropole . Comment s\u2019inscrire ?Chaque structure souhaitant participer au D\u00e9fi \u00ab [&hellip;]<\/p>\n","protected":false},"author":4,"featured_media":2153,"comment_status":"closed","ping_status":"open","sticky":false,"template":"","format":"standard","meta":{"footnotes":""},"categories":[10],"tags":[],"class_list":["post-2021","post","type-post","status-publish","format-standard","has-post-thumbnail","hentry","category-velo-a-metz"],"_links":{"self":[{"href":"https:\/\/www.metzavelo.fr\/index.php?rest_route=\/wp\/v2\/posts\/2021","targetHints":{"allow":["GET"]}}],"collection":[{"href":"https:\/\/www.metzavelo.fr\/index.php?rest_route=\/wp\/v2\/posts"}],"about":[{"href":"https:\/\/www.metzavelo.fr\/index.php?rest_route=\/wp\/v2\/types\/post"}],"author":[{"embeddable":true,"href":"https:\/\/www.metzavelo.fr\/index.php?rest_route=\/wp\/v2\/users\/4"}],"replies":[{"embeddable":true,"href":"https:\/\/www.metzavelo.fr\/index.php?rest_route=%2Fwp%2Fv2%2Fcomments&post=2021"}],"version-history":[{"count":12,"href":"https:\/\/www.metzavelo.fr\/index.php?rest_route=\/wp\/v2\/posts\/2021\/revisions"}],"predecessor-version":[{"id":2154,"href":"https:\/\/www.metzavelo.fr\/index.php?rest_route=\/wp\/v2\/posts\/2021\/revisions\/2154"}],"wp:featuredmedia":[{"embeddable":true,"href":"https:\/\/www.metzavelo.fr\/index.php?rest_route=\/wp\/v2\/media\/2153"}],"wp:attachment":[{"href":"https:\/\/www.metzavelo.fr\/index.php?rest_route=%2Fwp%2Fv2%2Fmedia&parent=2021"}],"wp:term":[{"taxonomy":"category","embeddable":true,"href":"https:\/\/www.metzavelo.fr\/index.php?rest_route=%2Fwp%2Fv2%2Fcategories&post=2021"},{"taxonomy":"post_tag","embeddable":true,"href":"https:\/\/www.metzavelo.fr\/index.php?rest_route=%2Fwp%2Fv2%2Ftags&post=2021"}],"curies":[{"name":"wp","href":"https:\/\/api.w.org\/{rel}","templated":true}]}}