{"id":1954,"date":"2021-03-05T10:21:09","date_gmt":"2021-03-05T09:21:09","guid":{"rendered":"https:\/\/www.metzavelo.fr\/?p=1954"},"modified":"2021-03-18T09:00:43","modified_gmt":"2021-03-18T08:00:43","slug":"la-perm-des-cyclettes-est-de-retour","status":"publish","type":"post","link":"https:\/\/www.metzavelo.fr\/?p=1954","title":{"rendered":"La Perm&rsquo; des Cyclettes est de retour !"},"content":{"rendered":"\t\t<div data-elementor-type=\"wp-post\" data-elementor-id=\"1954\" class=\"elementor elementor-1954\" data-elementor-post-type=\"post\">\n\t\t\t\t\t\t<section class=\"elementor-section elementor-top-section elementor-element elementor-element-33f21433 elementor-section-boxed elementor-section-height-default elementor-section-height-default\" data-id=\"33f21433\" data-element_type=\"section\" data-e-type=\"section\">\n\t\t\t\t\t\t<div class=\"elementor-container elementor-column-gap-default\">\n\t\t\t\t\t<div class=\"elementor-column elementor-col-100 elementor-top-column elementor-element elementor-element-7343bc05\" data-id=\"7343bc05\" data-element_type=\"column\" data-e-type=\"column\">\n\t\t\t<div class=\"elementor-widget-wrap elementor-element-populated\">\n\t\t\t\t\t\t<div class=\"elementor-element elementor-element-630fb4ec elementor-widget elementor-widget-text-editor\" data-id=\"630fb4ec\" data-element_type=\"widget\" data-e-type=\"widget\" data-widget_type=\"text-editor.default\">\n\t\t\t\t<div class=\"elementor-widget-container\">\n\t\t\t\t\t\t\t\t\t<p><\/p>\n<p><img fetchpriority=\"high\" decoding=\"async\" class=\"aligncenter wp-image-1976 size-large\" src=\"https:\/\/www.metzavelo.fr\/wp-content\/uploads\/2021\/03\/DSCF5622-1024x768.jpg\" alt=\"\" width=\"640\" height=\"480\" srcset=\"https:\/\/www.metzavelo.fr\/wp-content\/uploads\/2021\/03\/DSCF5622-1024x768.jpg 1024w, https:\/\/www.metzavelo.fr\/wp-content\/uploads\/2021\/03\/DSCF5622-300x225.jpg 300w, https:\/\/www.metzavelo.fr\/wp-content\/uploads\/2021\/03\/DSCF5622-768x576.jpg 768w, https:\/\/www.metzavelo.fr\/wp-content\/uploads\/2021\/03\/DSCF5622-1536x1152.jpg 1536w, https:\/\/www.metzavelo.fr\/wp-content\/uploads\/2021\/03\/DSCF5622-2048x1536.jpg 2048w\" sizes=\"(max-width: 640px) 100vw, 640px\" \/><\/p>\n<p>\u00a0<\/p>\n<p>Mardi 16 mars, Jennifer, Caroline et Marie \u00e9taient ravies de reprendre les Perm&rsquo; des Cyclettes, apr\u00e8s 5 mois d&rsquo;arr\u00eat, suite au contexte sanitaire. Ne voyant pas d&rsquo;am\u00e9lioration se profiler, la d\u00e9cision a \u00e9t\u00e9 prise de recommencer, en petit comit\u00e9 !\u00a0<\/p>\n<div id='gallery-1' class='gallery galleryid-1954 gallery-columns-3 gallery-size-medium'><figure class='gallery-item'>\n\t\t\t<div class='gallery-icon landscape'>\n\t\t\t\t<a href='https:\/\/www.metzavelo.fr\/?attachment_id=1972'><img decoding=\"async\" width=\"300\" height=\"225\" src=\"https:\/\/www.metzavelo.fr\/wp-content\/uploads\/2021\/03\/DSCF5608-300x225.jpg\" class=\"attachment-medium size-medium\" alt=\"\" srcset=\"https:\/\/www.metzavelo.fr\/wp-content\/uploads\/2021\/03\/DSCF5608-300x225.jpg 300w, https:\/\/www.metzavelo.fr\/wp-content\/uploads\/2021\/03\/DSCF5608-1024x768.jpg 1024w, https:\/\/www.metzavelo.fr\/wp-content\/uploads\/2021\/03\/DSCF5608-768x576.jpg 768w, https:\/\/www.metzavelo.fr\/wp-content\/uploads\/2021\/03\/DSCF5608-1536x1152.jpg 1536w, https:\/\/www.metzavelo.fr\/wp-content\/uploads\/2021\/03\/DSCF5608-2048x1536.jpg 2048w\" sizes=\"(max-width: 300px) 100vw, 300px\" \/><\/a>\n\t\t\t<\/div><\/figure><figure class='gallery-item'>\n\t\t\t<div class='gallery-icon landscape'>\n\t\t\t\t<a href='https:\/\/www.metzavelo.fr\/?attachment_id=1974'><img decoding=\"async\" width=\"300\" height=\"225\" src=\"https:\/\/www.metzavelo.fr\/wp-content\/uploads\/2021\/03\/DSCF5616-300x225.jpg\" class=\"attachment-medium size-medium\" alt=\"\" srcset=\"https:\/\/www.metzavelo.fr\/wp-content\/uploads\/2021\/03\/DSCF5616-300x225.jpg 300w, https:\/\/www.metzavelo.fr\/wp-content\/uploads\/2021\/03\/DSCF5616-1024x768.jpg 1024w, https:\/\/www.metzavelo.fr\/wp-content\/uploads\/2021\/03\/DSCF5616-768x576.jpg 768w, https:\/\/www.metzavelo.fr\/wp-content\/uploads\/2021\/03\/DSCF5616-1536x1152.jpg 1536w, https:\/\/www.metzavelo.fr\/wp-content\/uploads\/2021\/03\/DSCF5616-2048x1536.jpg 2048w\" sizes=\"(max-width: 300px) 100vw, 300px\" \/><\/a>\n\t\t\t<\/div><\/figure><figure class='gallery-item'>\n\t\t\t<div class='gallery-icon landscape'>\n\t\t\t\t<a href='https:\/\/www.metzavelo.fr\/?attachment_id=1975'><img loading=\"lazy\" decoding=\"async\" width=\"300\" height=\"225\" src=\"https:\/\/www.metzavelo.fr\/wp-content\/uploads\/2021\/03\/DSCF5618-300x225.jpg\" class=\"attachment-medium size-medium\" alt=\"\" srcset=\"https:\/\/www.metzavelo.fr\/wp-content\/uploads\/2021\/03\/DSCF5618-300x225.jpg 300w, https:\/\/www.metzavelo.fr\/wp-content\/uploads\/2021\/03\/DSCF5618-1024x768.jpg 1024w, https:\/\/www.metzavelo.fr\/wp-content\/uploads\/2021\/03\/DSCF5618-768x576.jpg 768w, https:\/\/www.metzavelo.fr\/wp-content\/uploads\/2021\/03\/DSCF5618-1536x1152.jpg 1536w, https:\/\/www.metzavelo.fr\/wp-content\/uploads\/2021\/03\/DSCF5618-2048x1536.jpg 2048w\" sizes=\"(max-width: 300px) 100vw, 300px\" \/><\/a>\n\t\t\t<\/div><\/figure>\n\t\t<\/div>\n\n<p>\u00a0<\/p>\n<p>Petit reportage photo disponible sur le site du <a href=\"https:\/\/c.republicain-lorrain.fr\/economie\/2021\/03\/17\/perm-des-cyclettes-a-metz-les-femmes-prennent-leur-velo-en-main\">R\u00e9publicain Lorrain<\/a><\/p>\n<p>\u00a0<\/p>\n<p>Pleine r\u00e9ussite pour cette reprise, avec de nombreuses participantes, aux profils et besoins vari\u00e9s : changement de p\u00e9dalier, d\u00e9montage ou d\u00e9voilage de roue pour certaines, et pour d&rsquo;autres pas de probl\u00e9matique particuli\u00e8re, mais toutefois l&rsquo;envie d&rsquo;en apprendre un peu plus sur les \u00ab\u00a0basiques\u00a0\u00bb de l&rsquo;entretien v\u00e9lo.<\/p>\n<p><\/p>\n<p><strong>La \u201cPerm\u2019 des Cyclettes\u201d&#8230; c&rsquo;est quoi ?<\/strong> C\u2019est un afterwork r\u00e9paration, organis\u00e9 par et pour les femmes (incluant les femmes transgenres).<\/p>\n<p><strong>\u00a0<\/strong><\/p>\n<p><strong>Pourquoi un atelier entre femmes ?<\/strong><br \/>Pour proposer aux femmes, peu pr\u00e9sentes \u00e0 l\u2019atelier lors des permanences classiques, un moment pour pouvoir se mettre \u00e0 la m\u00e9canique dans les conditions optimales, en petit comit\u00e9. Culturellement, les femmes sont moins habitu\u00e9es \u00e0 r\u00e9parer (des v\u00e9los ou autres) ; il s\u2019agit donc qu\u2019elles prennent confiance, en \u00e9tant guid\u00e9es par d\u2019autres femmes.<\/p>\n<p><strong>\u00a0<\/strong><\/p>\n<p><strong>Osez le F\u00e9minisme<\/strong><\/p>\n<p>Les Perm&rsquo; des Cyclettes sont maintenant organis\u00e9es en partenariat avec l&rsquo;association <em>Osez le F\u00e9minisme<\/em>. Des d\u00e9bats int\u00e9ressants pourront voir le jour d\u00e8s que l&rsquo;on pourra \u00e0 nouveau rassembler du monde&#8230;<\/p>\n<p>En attendant, vous pourrez \u00e9changer avec les membres de l&rsquo;association et d\u00e9couvrir leurs actions !<\/p>\n<p><strong>\u00a0<\/strong><\/p>\n<p><strong>Nouveau cr\u00e9neau <\/strong><\/p>\n<p>On se retrouvera maintenant chaque 3eme mardi du mois (et plus le mercredi) <br \/><strong>Horaires pendant le couvre feu : de 16h30 \u00e0 18h<\/strong><\/p>\n<p>\u00a0<\/p>\n<p>\u00a0<\/p>\n<p>\u00a0<\/p>\n<p><img loading=\"lazy\" decoding=\"async\" class=\"wp-image-1924 aligncenter\" src=\"https:\/\/www.metzavelo.fr\/wp-content\/uploads\/2021\/02\/Affiche-Perm-des-Cyclettes--724x1024.jpg\" alt=\"\" width=\"276\" height=\"390\" srcset=\"https:\/\/www.metzavelo.fr\/wp-content\/uploads\/2021\/02\/Affiche-Perm-des-Cyclettes--724x1024.jpg 724w, https:\/\/www.metzavelo.fr\/wp-content\/uploads\/2021\/02\/Affiche-Perm-des-Cyclettes--212x300.jpg 212w, https:\/\/www.metzavelo.fr\/wp-content\/uploads\/2021\/02\/Affiche-Perm-des-Cyclettes--768x1086.jpg 768w, https:\/\/www.metzavelo.fr\/wp-content\/uploads\/2021\/02\/Affiche-Perm-des-Cyclettes--1086x1536.jpg 1086w, https:\/\/www.metzavelo.fr\/wp-content\/uploads\/2021\/02\/Affiche-Perm-des-Cyclettes--1448x2048.jpg 1448w, https:\/\/www.metzavelo.fr\/wp-content\/uploads\/2021\/02\/Affiche-Perm-des-Cyclettes-.jpg 1587w\" sizes=\"(max-width: 276px) 100vw, 276px\" \/><\/p>\n<p><\/p>\n<p><\/p>\n<p><\/p>\n<p><\/p>\n<p><\/p>\n<p><\/p>\n<p><\/p>\n<p><\/p>\n<p><\/p>\n<p><\/p>\n<p><\/p>\n<p><\/p>\n<p><\/p>\n<p><\/p>\n<p><\/p>\n<p><\/p>\n<p><\/p>\n<p><\/p>\t\t\t\t\t\t\t\t<\/div>\n\t\t\t\t<\/div>\n\t\t\t\t\t<\/div>\n\t\t<\/div>\n\t\t\t\t\t<\/div>\n\t\t<\/section>\n\t\t\t\t<\/div>\n\t\t","protected":false},"excerpt":{"rendered":"","protected":false},"author":4,"featured_media":1976,"comment_status":"closed","ping_status":"closed","sticky":false,"template":"","format":"standard","meta":{"footnotes":""},"categories":[8],"tags":[],"class_list":["post-1954","post","type-post","status-publish","format-standard","has-post-thumbnail","hentry","category-maison-du-velo"],"_links":{"self":[{"href":"https:\/\/www.metzavelo.fr\/index.php?rest_route=\/wp\/v2\/posts\/1954","targetHints":{"allow":["GET"]}}],"collection":[{"href":"https:\/\/www.metzavelo.fr\/index.php?rest_route=\/wp\/v2\/posts"}],"about":[{"href":"https:\/\/www.metzavelo.fr\/index.php?rest_route=\/wp\/v2\/types\/post"}],"author":[{"embeddable":true,"href":"https:\/\/www.metzavelo.fr\/index.php?rest_route=\/wp\/v2\/users\/4"}],"replies":[{"embeddable":true,"href":"https:\/\/www.metzavelo.fr\/index.php?rest_route=%2Fwp%2Fv2%2Fcomments&post=1954"}],"version-history":[{"count":25,"href":"https:\/\/www.metzavelo.fr\/index.php?rest_route=\/wp\/v2\/posts\/1954\/revisions"}],"predecessor-version":[{"id":3459,"href":"https:\/\/www.metzavelo.fr\/index.php?rest_route=\/wp\/v2\/posts\/1954\/revisions\/3459"}],"wp:featuredmedia":[{"embeddable":true,"href":"https:\/\/www.metzavelo.fr\/index.php?rest_route=\/wp\/v2\/media\/1976"}],"wp:attachment":[{"href":"https:\/\/www.metzavelo.fr\/index.php?rest_route=%2Fwp%2Fv2%2Fmedia&parent=1954"}],"wp:term":[{"taxonomy":"category","embeddable":true,"href":"https:\/\/www.metzavelo.fr\/index.php?rest_route=%2Fwp%2Fv2%2Fcategories&post=1954"},{"taxonomy":"post_tag","embeddable":true,"href":"https:\/\/www.metzavelo.fr\/index.php?rest_route=%2Fwp%2Fv2%2Ftags&post=1954"}],"curies":[{"name":"wp","href":"https:\/\/api.w.org\/{rel}","templated":true}]}}