{"id":1839,"date":"2021-02-05T09:40:25","date_gmt":"2021-02-05T08:40:25","guid":{"rendered":"https:\/\/www.metzavelo.fr\/?p=1839"},"modified":"2021-03-07T08:08:11","modified_gmt":"2021-03-07T07:08:11","slug":"temoignage-sofiane","status":"publish","type":"post","link":"https:\/\/www.metzavelo.fr\/?p=1839","title":{"rendered":"Sofiane, en chemin pour devenir un adepte du v\u00e9lo"},"content":{"rendered":"\n<p>Sofiane, 28 ans, a d\u00e9cid\u00e9 de se lancer dans les cours d&rsquo;\u00e9cole de v\u00e9lo avec pour objectif de se rendre prochainement au travail \u00e0 v\u00e9lo&#8230; Il nous raconte son exp\u00e9rience ! <\/p>\n\n\n\n<div style=\"height:21px\" aria-hidden=\"true\" class=\"wp-block-spacer\"><\/div>\n\n\n\n<figure class=\"wp-block-image size-large\"><img fetchpriority=\"high\" decoding=\"async\" width=\"1024\" height=\"1024\" src=\"https:\/\/www.metzavelo.fr\/wp-content\/uploads\/2021\/02\/Temoignage-velo-ecole-1024x1024.jpg\" alt=\"\" class=\"wp-image-1840\" srcset=\"https:\/\/www.metzavelo.fr\/wp-content\/uploads\/2021\/02\/Temoignage-velo-ecole-1024x1024.jpg 1024w, https:\/\/www.metzavelo.fr\/wp-content\/uploads\/2021\/02\/Temoignage-velo-ecole-300x300.jpg 300w, https:\/\/www.metzavelo.fr\/wp-content\/uploads\/2021\/02\/Temoignage-velo-ecole-150x150.jpg 150w, https:\/\/www.metzavelo.fr\/wp-content\/uploads\/2021\/02\/Temoignage-velo-ecole-768x768.jpg 768w, https:\/\/www.metzavelo.fr\/wp-content\/uploads\/2021\/02\/Temoignage-velo-ecole-1536x1536.jpg 1536w, https:\/\/www.metzavelo.fr\/wp-content\/uploads\/2021\/02\/Temoignage-velo-ecole-2048x2048.jpg 2048w, https:\/\/www.metzavelo.fr\/wp-content\/uploads\/2021\/02\/Temoignage-velo-ecole-70x70.jpg 70w, https:\/\/www.metzavelo.fr\/wp-content\/uploads\/2021\/02\/Temoignage-velo-ecole-127x127.jpg 127w, https:\/\/www.metzavelo.fr\/wp-content\/uploads\/2021\/02\/Temoignage-velo-ecole-476x476.jpg 476w, https:\/\/www.metzavelo.fr\/wp-content\/uploads\/2021\/02\/Temoignage-velo-ecole-125x125.jpg 125w\" sizes=\"(max-width: 1024px) 100vw, 1024px\" \/><\/figure>\n\n\n\n<p><br><strong>Quelle \u00e9tait mon exp\u00e9rience du v\u00e9lo avant les cours ? <\/strong><br>Je n\u2019ai pas eu la chance d\u2019avoir pu apprendre \u00e0 faire du v\u00e9lo quand j\u2019\u00e9tais petit, et du coup j\u2019ai toujours eu de forts \u00e0 priori sur le v\u00e9lo, surtout parce que j\u2019en avais peur, notamment le fait de tomber, et je me disais surtout qu\u2019il \u00e9tait trop tard pour moi pour apprendre \u00e0 en faire.<br><br><\/p>\n\n\n\n<p><strong>Qu\u2019est ce que l&rsquo;\u00e9cole de v\u00e9lo m\u2019a apport\u00e9 ?<\/strong><br>L\u2019association m\u2019a permis de d\u00e9passer cet \u00e0 priori, cette peur de \u00ab l\u2019inconnu \u00bb, et de voir que le v\u00e9lo ce n\u2019\u00e9tait vraiment pas si compliqu\u00e9, mais \u00e0 la port\u00e9e de toute personne qui s\u2019en donnait la motivation. Et surtout de voir qu\u2019il n\u2019y avait pas de honte \u00e0 apprendre \u00e0 en faire \u00ab plus tardivement \u00bb, et m\u00eame bien au contraire, que cela montrait une certaine forme de courage.<\/p>\n\n\n\n<p>Cette exp\u00e9rience m\u2019a aussi laiss\u00e9 envisager un futur en tant qu\u2019adepte du v\u00e9lo, c\u2019est-\u00e0-dire un futur ou je pourrais envisager d\u2019opter pour l\u2019option v\u00e9lo dans mon choix de d\u00e9placements, et rien que pour \u00e7a j\u2019ai vraiment h\u00e2te d\u2019apprendre \u00e0 maitriser mon insertion dans la circulation.<br><br>Enfin, et tout b\u00eatement, cette exp\u00e9rience m\u2019a aussi apport\u00e9 une sensation de bien-\u00eatre, car on se sent toujours bien apr\u00e8s une bonne session de cours ou on a pu bien p\u00e9daler et surtout apprendre \u00e0 maitriser de nouvelles techniques.<br><br><strong>Quel usage je compte faire du v\u00e9lo par la suite ?<\/strong><br>Eh bien tout simplement l\u2019utiliser pour aller au travail. Donc j\u2019aimerais vraiment en avoir un usage quotidien et c\u2019est d\u2019ailleurs cela qui m\u2019a motiv\u00e9 \u00e0 adh\u00e9rer \u00e0 l\u2019association.<\/p>\n\n\n\n<p><br><strong>Quelle a \u00e9t\u00e9 ma motivation pour me mettre au v\u00e9lo ? <\/strong><br>En fait je suis passionn\u00e9 par la th\u00e9matique du d\u00e9veloppement durable, et il faut savoir que le transport repr\u00e9sente malheureusement encore aujourd\u2019hui, la plus grosse part de notre empreinte carbone sur l\u2019\u00e9cologie, notamment due justement \u00e0 l\u2019utilisation de la voiture individuelle dans nos trajets quotidiens. Mais en fait, il faut savoir qu\u2019une bonne partie de ces trajets qu\u2019on d\u00e9cide de faire en voiture sont r\u00e9alisables \u00e0 v\u00e9lo. Me concernant j\u2019habite en p\u00e9riph\u00e9rie du centre-ville de Metz, et il existe en plus des pistes cyclables entre mon quartier et le centre-ville, donc j\u2019ai vraiment tous les moyens mis \u00e0 ma disposition pour me permettre d\u2019opter pour l\u2019option v\u00e9lo dans mes d\u00e9placements.<br><br><br><em>Merci \u00e0 Sofiane pour ce beau partage, qui donnera peut-\u00eatre le d\u00e9clic \u00e0 d&rsquo;autres personnes de se lancer dans l&rsquo;aventure de l&rsquo;apprentissage du v\u00e9lo \u00e0 tout \u00e2ge ! <\/em> <br><br>A noter : jusqu&rsquo;au 31 mars, dans le cadre du \u201ccoup de pouce v\u00e9lo\u201d, l\u2019\u00c9tat offre la prise en charge d\u2019une s\u00e9ance d\u2019accompagnement \u00e0 l\u2019usage du v\u00e9lo (prise en main, circulation en ville, itin\u00e9raire adapt\u00e9, etc.) <br><br>Retrouvez toutes les informations sur les cours d&rsquo;<a href=\"https:\/\/www.metzavelo.fr\/activites\/ecole-de-velo\/\" data-type=\"page\" data-id=\"102\">\u00e9cole de v\u00e9lo<\/a><br><\/p>\n\n\n\n<p><br><\/p>\n\n\n\n<figure class=\"wp-block-gallery columns-3 is-cropped wp-block-gallery-1 is-layout-flex wp-block-gallery-is-layout-flex\"><ul class=\"blocks-gallery-grid\"><li class=\"blocks-gallery-item\"><figure><img decoding=\"async\" width=\"768\" height=\"1024\" src=\"https:\/\/www.metzavelo.fr\/wp-content\/uploads\/2021\/02\/Image-from-iOS-1-768x1024.jpg\" alt=\"\" data-id=\"1841\" data-full-url=\"https:\/\/www.metzavelo.fr\/wp-content\/uploads\/2021\/02\/Image-from-iOS-1-scaled.jpg\" data-link=\"https:\/\/www.metzavelo.fr\/?attachment_id=1841\" class=\"wp-image-1841\" srcset=\"https:\/\/www.metzavelo.fr\/wp-content\/uploads\/2021\/02\/Image-from-iOS-1-768x1024.jpg 768w, https:\/\/www.metzavelo.fr\/wp-content\/uploads\/2021\/02\/Image-from-iOS-1-225x300.jpg 225w, https:\/\/www.metzavelo.fr\/wp-content\/uploads\/2021\/02\/Image-from-iOS-1-1152x1536.jpg 1152w, https:\/\/www.metzavelo.fr\/wp-content\/uploads\/2021\/02\/Image-from-iOS-1-1536x2048.jpg 1536w, https:\/\/www.metzavelo.fr\/wp-content\/uploads\/2021\/02\/Image-from-iOS-1-scaled.jpg 1920w\" sizes=\"(max-width: 768px) 100vw, 768px\" \/><\/figure><\/li><li class=\"blocks-gallery-item\"><figure><img decoding=\"async\" width=\"768\" height=\"1024\" src=\"https:\/\/www.metzavelo.fr\/wp-content\/uploads\/2021\/02\/Image-from-iOS-2-1-768x1024.jpg\" alt=\"\" data-id=\"1842\" data-full-url=\"https:\/\/www.metzavelo.fr\/wp-content\/uploads\/2021\/02\/Image-from-iOS-2-1-scaled.jpg\" data-link=\"https:\/\/www.metzavelo.fr\/?attachment_id=1842\" class=\"wp-image-1842\" srcset=\"https:\/\/www.metzavelo.fr\/wp-content\/uploads\/2021\/02\/Image-from-iOS-2-1-768x1024.jpg 768w, https:\/\/www.metzavelo.fr\/wp-content\/uploads\/2021\/02\/Image-from-iOS-2-1-225x300.jpg 225w, https:\/\/www.metzavelo.fr\/wp-content\/uploads\/2021\/02\/Image-from-iOS-2-1-1152x1536.jpg 1152w, https:\/\/www.metzavelo.fr\/wp-content\/uploads\/2021\/02\/Image-from-iOS-2-1-1536x2048.jpg 1536w, https:\/\/www.metzavelo.fr\/wp-content\/uploads\/2021\/02\/Image-from-iOS-2-1-scaled.jpg 1920w\" sizes=\"(max-width: 768px) 100vw, 768px\" \/><\/figure><\/li><li class=\"blocks-gallery-item\"><figure><img loading=\"lazy\" decoding=\"async\" width=\"768\" height=\"1024\" src=\"https:\/\/www.metzavelo.fr\/wp-content\/uploads\/2021\/02\/Image-from-iOS-5-768x1024.jpg\" alt=\"\" data-id=\"1844\" data-full-url=\"https:\/\/www.metzavelo.fr\/wp-content\/uploads\/2021\/02\/Image-from-iOS-5-scaled.jpg\" data-link=\"https:\/\/www.metzavelo.fr\/?attachment_id=1844\" class=\"wp-image-1844\" srcset=\"https:\/\/www.metzavelo.fr\/wp-content\/uploads\/2021\/02\/Image-from-iOS-5-768x1024.jpg 768w, https:\/\/www.metzavelo.fr\/wp-content\/uploads\/2021\/02\/Image-from-iOS-5-225x300.jpg 225w, https:\/\/www.metzavelo.fr\/wp-content\/uploads\/2021\/02\/Image-from-iOS-5-1152x1536.jpg 1152w, https:\/\/www.metzavelo.fr\/wp-content\/uploads\/2021\/02\/Image-from-iOS-5-1536x2048.jpg 1536w, https:\/\/www.metzavelo.fr\/wp-content\/uploads\/2021\/02\/Image-from-iOS-5-scaled.jpg 1920w\" sizes=\"(max-width: 768px) 100vw, 768px\" \/><\/figure><\/li><\/ul><\/figure>\n\n\n\n<p class=\"has-black-color has-text-color\"><br><\/p>\n","protected":false},"excerpt":{"rendered":"<p>Sofiane, 28 ans, a d\u00e9cid\u00e9 de se lancer dans les cours d&rsquo;\u00e9cole de v\u00e9lo avec pour objectif de se rendre prochainement au travail \u00e0 v\u00e9lo&#8230; Il nous raconte son exp\u00e9rience ! Quelle \u00e9tait mon exp\u00e9rience du v\u00e9lo avant les cours ? Je n\u2019ai pas eu la chance d\u2019avoir pu apprendre \u00e0 faire du v\u00e9lo quand [&hellip;]<\/p>\n","protected":false},"author":4,"featured_media":1841,"comment_status":"closed","ping_status":"closed","sticky":false,"template":"","format":"standard","meta":{"footnotes":""},"categories":[13],"tags":[],"class_list":["post-1839","post","type-post","status-publish","format-standard","has-post-thumbnail","hentry","category-ecole-de-velo"],"_links":{"self":[{"href":"https:\/\/www.metzavelo.fr\/index.php?rest_route=\/wp\/v2\/posts\/1839","targetHints":{"allow":["GET"]}}],"collection":[{"href":"https:\/\/www.metzavelo.fr\/index.php?rest_route=\/wp\/v2\/posts"}],"about":[{"href":"https:\/\/www.metzavelo.fr\/index.php?rest_route=\/wp\/v2\/types\/post"}],"author":[{"embeddable":true,"href":"https:\/\/www.metzavelo.fr\/index.php?rest_route=\/wp\/v2\/users\/4"}],"replies":[{"embeddable":true,"href":"https:\/\/www.metzavelo.fr\/index.php?rest_route=%2Fwp%2Fv2%2Fcomments&post=1839"}],"version-history":[{"count":15,"href":"https:\/\/www.metzavelo.fr\/index.php?rest_route=\/wp\/v2\/posts\/1839\/revisions"}],"predecessor-version":[{"id":1859,"href":"https:\/\/www.metzavelo.fr\/index.php?rest_route=\/wp\/v2\/posts\/1839\/revisions\/1859"}],"wp:featuredmedia":[{"embeddable":true,"href":"https:\/\/www.metzavelo.fr\/index.php?rest_route=\/wp\/v2\/media\/1841"}],"wp:attachment":[{"href":"https:\/\/www.metzavelo.fr\/index.php?rest_route=%2Fwp%2Fv2%2Fmedia&parent=1839"}],"wp:term":[{"taxonomy":"category","embeddable":true,"href":"https:\/\/www.metzavelo.fr\/index.php?rest_route=%2Fwp%2Fv2%2Fcategories&post=1839"},{"taxonomy":"post_tag","embeddable":true,"href":"https:\/\/www.metzavelo.fr\/index.php?rest_route=%2Fwp%2Fv2%2Ftags&post=1839"}],"curies":[{"name":"wp","href":"https:\/\/api.w.org\/{rel}","templated":true}]}}