{"id":1683,"date":"2021-01-07T11:37:58","date_gmt":"2021-01-07T10:37:58","guid":{"rendered":"https:\/\/www.metzavelo.fr\/?p=1683"},"modified":"2024-07-07T15:00:00","modified_gmt":"2024-07-07T13:00:00","slug":"nos-meilleurs-voeux-pour-cette-nouvelle-annee","status":"publish","type":"post","link":"https:\/\/www.metzavelo.fr\/?p=1683","title":{"rendered":"5 bonnes r\u00e9solutions v\u00e9lo pour bien commencer l&rsquo;ann\u00e9e"},"content":{"rendered":"\n<div class=\"wp-block-image is-style-default\"><figure class=\"aligncenter size-large is-resized\"><img fetchpriority=\"high\" decoding=\"async\" src=\"https:\/\/www.metzavelo.fr\/wp-content\/uploads\/2021\/01\/Bonne-annee.png\" alt=\"\" class=\"wp-image-1684\" width=\"416\" height=\"349\" srcset=\"https:\/\/www.metzavelo.fr\/wp-content\/uploads\/2021\/01\/Bonne-annee.png 940w, https:\/\/www.metzavelo.fr\/wp-content\/uploads\/2021\/01\/Bonne-annee-300x251.png 300w, https:\/\/www.metzavelo.fr\/wp-content\/uploads\/2021\/01\/Bonne-annee-768x644.png 768w\" sizes=\"(max-width: 416px) 100vw, 416px\" \/><\/figure><\/div>\n\n\n\n<p>Comme le veut la tradition, nous vous souhaitons nos meilleurs v\u0153ux pour cette nouvelle ann\u00e9e mais nous vous souhaitons aussi une ville o\u00f9 l&rsquo;on pourrait se promener (ou aller faire ses courses) sans respirer un air charg\u00e9 de particules ou autres oxydes de tout genre, une ville o\u00f9 les enfants pourraient aller \u00e0 l&rsquo;\u00e9cole sans risquer leur vie, une ville o\u00f9 la voiture n&rsquo;occuperait plus la quasi-totalit\u00e9 de l&rsquo;espace public. Une ville respirable, humaine en quelque sorte. <\/p>\n\n\n\n<p><br>Lors de la derni\u00e8re Enqu\u00eate D\u00e9placement de la m\u00e9tropole, \u00e0 la question \u00ab\u00a0Le v\u00e9lo en ville c&rsquo;est l&rsquo;avenir ?\u00a0\u00bb 63 % des habitants de la M\u00e9tropole ont r\u00e9pondu d&rsquo;accord, 28 % pas d&rsquo;accord, 9% sans opinion (1). <br>Ce sont donc 144 900 habitants de Metz M\u00e9tropole (2) qui pensent comme nous. <br><br>Alors pourquoi si peu de moyens pour d\u00e9velopper l&rsquo;usage du v\u00e9lo ? Et pourquoi poursuivre vers le tout voiture ?<br>Voil\u00e0 ce que nous vous souhaitons de tout c\u0153ur et ce pourquoi nous nous battons avec vous tout au long de l&rsquo;ann\u00e9e.<br><br>(1) Enq\u00eate D\u00e9placement du <a rel=\"noreferrer noopener\" href=\"http:\/\/www.scotam.fr\/...\/documents\/Actu\/EDGT\/portrait_mm.pdf\" target=\"_blank\">SCOTAM<\/a>,  page 8 <br>(2) 63 % des 230 000 habitants<\/p>\n\n\n\n<h5 class=\"has-luminous-vivid-amber-color has-text-color wp-block-heading\">Bonnes r\u00e9solutions pour bien commencer l&rsquo;ann\u00e9e <\/h5>\n\n\n\n<p><strong>1. Se remettre en selle<\/strong> en toute s\u00e9curit\u00e9 avec les cours d&rsquo;<a href=\"https:\/\/www.metzavelo.fr\/activites\/ecole-de-velo\/\" data-type=\"page\" data-id=\"102\">\u00e9cole de v\u00e9lo<\/a><\/p>\n\n\n\n<p>Le premier cours est gratuit en ce moment, dans le cadre du coup de pouce de l&rsquo;Etat !<br><br><strong>2.<\/strong> <strong>Faire<\/strong> <strong>marquer son v\u00e9lo<\/strong> avec le <a href=\"https:\/\/www.metzavelo.fr\/activites\/marquage-bicycode\/\" data-type=\"page\" data-id=\"298\">syst\u00e8me Bicycode<\/a><\/p>\n\n\n\n<p>Le Bicycode est un code grav\u00e9 sur le cadre d&rsquo;une bicyclette, afin d&rsquo;en dissuader le vol et d&rsquo;en faciliter la restitution.  Le marquage est r\u00e9alis\u00e9 en quelques minutes \u00e0 la Maison du V\u00e9lo. <br><br><strong>3.<\/strong> <strong>Entretenir son v\u00e9lo<\/strong> pendant l&rsquo;hiver<br>&#8211; Lavage rapide du v\u00e9lo 1 fois par semaine (savon puis rin\u00e7age)<br>&#8211; Nettoyage de la transmission 1 fois par mois<\/p>\n\n\n\n<p>En cas de neige, on recommande un rin\u00e7age quotidien : la transmission n&rsquo;aime pas le sel !<br>Et comme toute l&rsquo;ann\u00e9e on v\u00e9rifie la pression des pneus et on pense \u00e0 lubrifier avec de l&rsquo;huile sp\u00e9ciale v\u00e9lo. <br>Retrouvez tous nos conseils \u00e0 l&rsquo;atelier.<\/p>\n\n\n\n<p><br><strong>4. Choisir un antivol et un \u00e9clairage de qualit\u00e9<\/strong><br>La FUB met \u00e0 disposition des guides pour choisir un <a rel=\"noreferrer noopener\" href=\"https:\/\/www.fub.fr\/moi-velo\/ma-securite\/equipement\/eclairage\/choisir-son-eclairage\" target=\"_blank\">\u00e9clairage<\/a> et <a rel=\"noreferrer noopener\" href=\"https:\/\/www.fub.fr\/moi-velo\/ma-securite\/equipement\/antivols\" target=\"_blank\">antivol<\/a> de qualit\u00e9. <br>Des mod\u00e8les sont en vente \u00e0 la Maison du V\u00e9lo afin de garantir votre s\u00e9curit\u00e9 et celle de votre v\u00e9lo ! <br>Pour rappel, l&rsquo;\u00e9clairage, \u00e0 l&rsquo;avant comme \u00e0 l&rsquo;arri\u00e8re, sont obligatoires lors de vos d\u00e9placements \u00e0 v\u00e9lo. <br><br><\/p>\n\n\n\n<p><strong>5.<\/strong> <strong>Renouveler son adh\u00e9sion<\/strong> \u00e0 <a rel=\"noreferrer noopener\" href=\"https:\/\/www.helloasso.com\/associations\/metz-a-velo\/adhesions\/adhesion-2020\" target=\"_blank\">Metz \u00e0 V\u00e9lo<\/a> pour soutenir l&rsquo;association et b\u00e9n\u00e9ficier de tarifs avantageux.<\/p>\n","protected":false},"excerpt":{"rendered":"<p>Comme le veut la tradition, nous vous souhaitons nos meilleurs v\u0153ux pour cette nouvelle ann\u00e9e mais nous vous souhaitons aussi une ville o\u00f9 l&rsquo;on pourrait se promener (ou aller faire ses courses) sans respirer un air charg\u00e9 de particules ou autres oxydes de tout genre, une ville o\u00f9 les enfants pourraient aller \u00e0 l&rsquo;\u00e9cole sans [&hellip;]<\/p>\n","protected":false},"author":4,"featured_media":1684,"comment_status":"closed","ping_status":"closed","sticky":false,"template":"","format":"standard","meta":{"footnotes":""},"categories":[8],"tags":[],"class_list":["post-1683","post","type-post","status-publish","format-standard","has-post-thumbnail","hentry","category-maison-du-velo"],"_links":{"self":[{"href":"https:\/\/www.metzavelo.fr\/index.php?rest_route=\/wp\/v2\/posts\/1683","targetHints":{"allow":["GET"]}}],"collection":[{"href":"https:\/\/www.metzavelo.fr\/index.php?rest_route=\/wp\/v2\/posts"}],"about":[{"href":"https:\/\/www.metzavelo.fr\/index.php?rest_route=\/wp\/v2\/types\/post"}],"author":[{"embeddable":true,"href":"https:\/\/www.metzavelo.fr\/index.php?rest_route=\/wp\/v2\/users\/4"}],"replies":[{"embeddable":true,"href":"https:\/\/www.metzavelo.fr\/index.php?rest_route=%2Fwp%2Fv2%2Fcomments&post=1683"}],"version-history":[{"count":8,"href":"https:\/\/www.metzavelo.fr\/index.php?rest_route=\/wp\/v2\/posts\/1683\/revisions"}],"predecessor-version":[{"id":1731,"href":"https:\/\/www.metzavelo.fr\/index.php?rest_route=\/wp\/v2\/posts\/1683\/revisions\/1731"}],"wp:featuredmedia":[{"embeddable":true,"href":"https:\/\/www.metzavelo.fr\/index.php?rest_route=\/wp\/v2\/media\/1684"}],"wp:attachment":[{"href":"https:\/\/www.metzavelo.fr\/index.php?rest_route=%2Fwp%2Fv2%2Fmedia&parent=1683"}],"wp:term":[{"taxonomy":"category","embeddable":true,"href":"https:\/\/www.metzavelo.fr\/index.php?rest_route=%2Fwp%2Fv2%2Fcategories&post=1683"},{"taxonomy":"post_tag","embeddable":true,"href":"https:\/\/www.metzavelo.fr\/index.php?rest_route=%2Fwp%2Fv2%2Ftags&post=1683"}],"curies":[{"name":"wp","href":"https:\/\/api.w.org\/{rel}","templated":true}]}}