{"id":1516,"date":"2020-11-10T11:16:39","date_gmt":"2020-11-10T10:16:39","guid":{"rendered":"https:\/\/www.metzavelo.fr\/?p=1516"},"modified":"2020-11-10T17:36:06","modified_gmt":"2020-11-10T16:36:06","slug":"amenagement-de-la-maison-du-velo","status":"publish","type":"post","link":"https:\/\/www.metzavelo.fr\/?p=1516","title":{"rendered":"Am\u00e9nagement de la Maison du V\u00e9lo"},"content":{"rendered":"\n<p>Toute l&rsquo;\u00e9quipe de Metz \u00e0 v\u00e9lo est fi\u00e8re de vous pr\u00e9senter ses nouveaux locaux, situ\u00e9s au 3 avenue Leclerc de Hauteclocque. <br>Avec 4 postes de travail, chacun dispose maintenant d&rsquo;un bel espace pour effectuer ses r\u00e9parations. <br><br><\/p>\n\n\n\n<figure class=\"wp-block-gallery columns-3 is-cropped wp-block-gallery-1 is-layout-flex wp-block-gallery-is-layout-flex\"><ul class=\"blocks-gallery-grid\"><li class=\"blocks-gallery-item\"><figure><img fetchpriority=\"high\" decoding=\"async\" width=\"768\" height=\"1024\" src=\"https:\/\/www.metzavelo.fr\/wp-content\/uploads\/2020\/11\/IMG_7669-768x1024.jpg\" alt=\"\" data-id=\"1517\" data-full-url=\"https:\/\/www.metzavelo.fr\/wp-content\/uploads\/2020\/11\/IMG_7669-scaled.jpg\" data-link=\"https:\/\/www.metzavelo.fr\/?attachment_id=1517\" class=\"wp-image-1517\" srcset=\"https:\/\/www.metzavelo.fr\/wp-content\/uploads\/2020\/11\/IMG_7669-768x1024.jpg 768w, https:\/\/www.metzavelo.fr\/wp-content\/uploads\/2020\/11\/IMG_7669-225x300.jpg 225w, https:\/\/www.metzavelo.fr\/wp-content\/uploads\/2020\/11\/IMG_7669-1152x1536.jpg 1152w, https:\/\/www.metzavelo.fr\/wp-content\/uploads\/2020\/11\/IMG_7669-1536x2048.jpg 1536w, https:\/\/www.metzavelo.fr\/wp-content\/uploads\/2020\/11\/IMG_7669-scaled.jpg 1920w\" sizes=\"(max-width: 768px) 100vw, 768px\" \/><\/figure><\/li><li class=\"blocks-gallery-item\"><figure><img decoding=\"async\" width=\"768\" height=\"1024\" src=\"https:\/\/www.metzavelo.fr\/wp-content\/uploads\/2020\/11\/IMG_7666-768x1024.jpg\" alt=\"\" data-id=\"1518\" data-full-url=\"https:\/\/www.metzavelo.fr\/wp-content\/uploads\/2020\/11\/IMG_7666-scaled.jpg\" data-link=\"https:\/\/www.metzavelo.fr\/?attachment_id=1518\" class=\"wp-image-1518\" srcset=\"https:\/\/www.metzavelo.fr\/wp-content\/uploads\/2020\/11\/IMG_7666-768x1024.jpg 768w, https:\/\/www.metzavelo.fr\/wp-content\/uploads\/2020\/11\/IMG_7666-225x300.jpg 225w, https:\/\/www.metzavelo.fr\/wp-content\/uploads\/2020\/11\/IMG_7666-1152x1536.jpg 1152w, https:\/\/www.metzavelo.fr\/wp-content\/uploads\/2020\/11\/IMG_7666-1536x2048.jpg 1536w, https:\/\/www.metzavelo.fr\/wp-content\/uploads\/2020\/11\/IMG_7666-scaled.jpg 1920w\" sizes=\"(max-width: 768px) 100vw, 768px\" \/><\/figure><\/li><li class=\"blocks-gallery-item\"><figure><img decoding=\"async\" width=\"768\" height=\"1024\" src=\"https:\/\/www.metzavelo.fr\/wp-content\/uploads\/2020\/11\/IMG_7668-768x1024.jpg\" alt=\"\" data-id=\"1519\" data-full-url=\"https:\/\/www.metzavelo.fr\/wp-content\/uploads\/2020\/11\/IMG_7668-scaled.jpg\" data-link=\"https:\/\/www.metzavelo.fr\/?attachment_id=1519\" class=\"wp-image-1519\" srcset=\"https:\/\/www.metzavelo.fr\/wp-content\/uploads\/2020\/11\/IMG_7668-768x1024.jpg 768w, https:\/\/www.metzavelo.fr\/wp-content\/uploads\/2020\/11\/IMG_7668-225x300.jpg 225w, https:\/\/www.metzavelo.fr\/wp-content\/uploads\/2020\/11\/IMG_7668-1152x1536.jpg 1152w, https:\/\/www.metzavelo.fr\/wp-content\/uploads\/2020\/11\/IMG_7668-1536x2048.jpg 1536w, https:\/\/www.metzavelo.fr\/wp-content\/uploads\/2020\/11\/IMG_7668-scaled.jpg 1920w\" sizes=\"(max-width: 768px) 100vw, 768px\" \/><\/figure><\/li><\/ul><\/figure>\n\n\n\n<h3 class=\"wp-block-heading\"><span class=\"has-inline-color has-luminous-vivid-amber-color\">Vitrine en cours<\/span> <\/h3>\n\n\n\n<p>Le talentueux ESBONER, artiste messin mais aussi grand amateur de VTT,  est venu ajouter un peu de couleur \u00e0 notre vitrine&#8230; Merci pour ces belles illustrations ! <br><br>Le logo \u00ab\u00a0Metz \u00e0 V\u00e9lo\u00a0\u00bb et le bandeau lumineux arrivent prochainement.<br> <br><\/p>\n\n\n\n<p><\/p>\n\n\n\n<figure class=\"wp-block-image size-large\"><img loading=\"lazy\" decoding=\"async\" width=\"1024\" height=\"768\" src=\"https:\/\/www.metzavelo.fr\/wp-content\/uploads\/2020\/11\/DSCF5459-copie-1024x768.jpg\" alt=\"\" class=\"wp-image-1521\" srcset=\"https:\/\/www.metzavelo.fr\/wp-content\/uploads\/2020\/11\/DSCF5459-copie-1024x768.jpg 1024w, https:\/\/www.metzavelo.fr\/wp-content\/uploads\/2020\/11\/DSCF5459-copie-300x225.jpg 300w, https:\/\/www.metzavelo.fr\/wp-content\/uploads\/2020\/11\/DSCF5459-copie-768x576.jpg 768w, https:\/\/www.metzavelo.fr\/wp-content\/uploads\/2020\/11\/DSCF5459-copie-1536x1152.jpg 1536w, https:\/\/www.metzavelo.fr\/wp-content\/uploads\/2020\/11\/DSCF5459-copie-2048x1536.jpg 2048w\" sizes=\"(max-width: 1024px) 100vw, 1024px\" \/><\/figure>\n\n\n\n<h3 class=\"wp-block-heading\"><span class=\"has-inline-color has-luminous-vivid-amber-color\">Quelques besoins <\/span><\/h3>\n\n\n\n<p>Nous avons encore de nombreuses id\u00e9es pour am\u00e9nager la Maison du V\u00e9lo, <a href=\"https:\/\/www.metzavelo.fr\/contact\/\" data-type=\"page\" data-id=\"27\">pr\u00e9venez-nous<\/a> si vous souhaitez faire don de ce type d&rsquo;objets :<\/p>\n\n\n\n<p><br><\/p>\n\n\n\n<figure class=\"wp-block-gallery columns-3 is-cropped wp-block-gallery-2 is-layout-flex wp-block-gallery-is-layout-flex\"><ul class=\"blocks-gallery-grid\"><li class=\"blocks-gallery-item\"><figure><img loading=\"lazy\" decoding=\"async\" width=\"400\" height=\"400\" src=\"https:\/\/www.metzavelo.fr\/wp-content\/uploads\/2020\/11\/vitrine-ecoline-socle-et-plafond-blanc-3-tablettes-l-40-x-p-40-x-h-160cm_01.jpg\" alt=\"\" data-id=\"1522\" data-full-url=\"https:\/\/www.metzavelo.fr\/wp-content\/uploads\/2020\/11\/vitrine-ecoline-socle-et-plafond-blanc-3-tablettes-l-40-x-p-40-x-h-160cm_01.jpg\" data-link=\"https:\/\/www.metzavelo.fr\/?attachment_id=1522\" class=\"wp-image-1522\" srcset=\"https:\/\/www.metzavelo.fr\/wp-content\/uploads\/2020\/11\/vitrine-ecoline-socle-et-plafond-blanc-3-tablettes-l-40-x-p-40-x-h-160cm_01.jpg 400w, https:\/\/www.metzavelo.fr\/wp-content\/uploads\/2020\/11\/vitrine-ecoline-socle-et-plafond-blanc-3-tablettes-l-40-x-p-40-x-h-160cm_01-300x300.jpg 300w, https:\/\/www.metzavelo.fr\/wp-content\/uploads\/2020\/11\/vitrine-ecoline-socle-et-plafond-blanc-3-tablettes-l-40-x-p-40-x-h-160cm_01-150x150.jpg 150w, https:\/\/www.metzavelo.fr\/wp-content\/uploads\/2020\/11\/vitrine-ecoline-socle-et-plafond-blanc-3-tablettes-l-40-x-p-40-x-h-160cm_01-70x70.jpg 70w, https:\/\/www.metzavelo.fr\/wp-content\/uploads\/2020\/11\/vitrine-ecoline-socle-et-plafond-blanc-3-tablettes-l-40-x-p-40-x-h-160cm_01-127x127.jpg 127w, https:\/\/www.metzavelo.fr\/wp-content\/uploads\/2020\/11\/vitrine-ecoline-socle-et-plafond-blanc-3-tablettes-l-40-x-p-40-x-h-160cm_01-125x125.jpg 125w\" sizes=\"(max-width: 400px) 100vw, 400px\" \/><\/figure><\/li><li class=\"blocks-gallery-item\"><figure><img loading=\"lazy\" decoding=\"async\" width=\"490\" height=\"490\" src=\"https:\/\/www.metzavelo.fr\/wp-content\/uploads\/2020\/11\/302.jpg\" alt=\"\" data-id=\"1523\" data-full-url=\"https:\/\/www.metzavelo.fr\/wp-content\/uploads\/2020\/11\/302.jpg\" data-link=\"https:\/\/www.metzavelo.fr\/?attachment_id=1523\" class=\"wp-image-1523\" srcset=\"https:\/\/www.metzavelo.fr\/wp-content\/uploads\/2020\/11\/302.jpg 490w, https:\/\/www.metzavelo.fr\/wp-content\/uploads\/2020\/11\/302-300x300.jpg 300w, https:\/\/www.metzavelo.fr\/wp-content\/uploads\/2020\/11\/302-150x150.jpg 150w, https:\/\/www.metzavelo.fr\/wp-content\/uploads\/2020\/11\/302-70x70.jpg 70w, https:\/\/www.metzavelo.fr\/wp-content\/uploads\/2020\/11\/302-127x127.jpg 127w, https:\/\/www.metzavelo.fr\/wp-content\/uploads\/2020\/11\/302-476x476.jpg 476w, https:\/\/www.metzavelo.fr\/wp-content\/uploads\/2020\/11\/302-125x125.jpg 125w\" sizes=\"(max-width: 490px) 100vw, 490px\" \/><\/figure><\/li><li class=\"blocks-gallery-item\"><figure><img loading=\"lazy\" decoding=\"async\" width=\"512\" height=\"512\" src=\"https:\/\/www.metzavelo.fr\/wp-content\/uploads\/2020\/11\/unnamed.jpg\" alt=\"\" data-id=\"1524\" data-full-url=\"https:\/\/www.metzavelo.fr\/wp-content\/uploads\/2020\/11\/unnamed.jpg\" data-link=\"https:\/\/www.metzavelo.fr\/?attachment_id=1524\" class=\"wp-image-1524\" srcset=\"https:\/\/www.metzavelo.fr\/wp-content\/uploads\/2020\/11\/unnamed.jpg 512w, https:\/\/www.metzavelo.fr\/wp-content\/uploads\/2020\/11\/unnamed-300x300.jpg 300w, https:\/\/www.metzavelo.fr\/wp-content\/uploads\/2020\/11\/unnamed-150x150.jpg 150w, https:\/\/www.metzavelo.fr\/wp-content\/uploads\/2020\/11\/unnamed-70x70.jpg 70w, https:\/\/www.metzavelo.fr\/wp-content\/uploads\/2020\/11\/unnamed-127x127.jpg 127w, https:\/\/www.metzavelo.fr\/wp-content\/uploads\/2020\/11\/unnamed-476x476.jpg 476w, https:\/\/www.metzavelo.fr\/wp-content\/uploads\/2020\/11\/unnamed-125x125.jpg 125w\" sizes=\"(max-width: 512px) 100vw, 512px\" \/><\/figure><\/li><\/ul><\/figure>\n\n\n\n\n\n<ul class=\"wp-block-list\"><li>pr\u00e9sentoir pour flyers et autres documentations<\/li><li>tableau ardoise pour afficher nos actualit\u00e9s dans la rue<\/li><li>vitrine en verre pour exposer pi\u00e8ces ou cr\u00e9ations<\/li><li>table haute et chaises pour \u00e9changer autour d&rsquo;un caf\u00e9 <\/li><\/ul>\n\n\n\n<p><\/p>\n","protected":false},"excerpt":{"rendered":"<p>Toute l&rsquo;\u00e9quipe de Metz \u00e0 v\u00e9lo est fi\u00e8re de vous pr\u00e9senter ses nouveaux locaux, situ\u00e9s au 3 avenue Leclerc de Hauteclocque. Avec 4 postes de travail, chacun dispose maintenant d&rsquo;un bel espace pour effectuer ses r\u00e9parations. Vitrine en cours Le talentueux ESBONER, artiste messin mais aussi grand amateur de VTT, est venu ajouter un peu [&hellip;]<\/p>\n","protected":false},"author":4,"featured_media":1521,"comment_status":"closed","ping_status":"closed","sticky":false,"template":"","format":"standard","meta":{"footnotes":""},"categories":[8],"tags":[],"class_list":["post-1516","post","type-post","status-publish","format-standard","has-post-thumbnail","hentry","category-maison-du-velo"],"_links":{"self":[{"href":"https:\/\/www.metzavelo.fr\/index.php?rest_route=\/wp\/v2\/posts\/1516","targetHints":{"allow":["GET"]}}],"collection":[{"href":"https:\/\/www.metzavelo.fr\/index.php?rest_route=\/wp\/v2\/posts"}],"about":[{"href":"https:\/\/www.metzavelo.fr\/index.php?rest_route=\/wp\/v2\/types\/post"}],"author":[{"embeddable":true,"href":"https:\/\/www.metzavelo.fr\/index.php?rest_route=\/wp\/v2\/users\/4"}],"replies":[{"embeddable":true,"href":"https:\/\/www.metzavelo.fr\/index.php?rest_route=%2Fwp%2Fv2%2Fcomments&post=1516"}],"version-history":[{"count":4,"href":"https:\/\/www.metzavelo.fr\/index.php?rest_route=\/wp\/v2\/posts\/1516\/revisions"}],"predecessor-version":[{"id":1530,"href":"https:\/\/www.metzavelo.fr\/index.php?rest_route=\/wp\/v2\/posts\/1516\/revisions\/1530"}],"wp:featuredmedia":[{"embeddable":true,"href":"https:\/\/www.metzavelo.fr\/index.php?rest_route=\/wp\/v2\/media\/1521"}],"wp:attachment":[{"href":"https:\/\/www.metzavelo.fr\/index.php?rest_route=%2Fwp%2Fv2%2Fmedia&parent=1516"}],"wp:term":[{"taxonomy":"category","embeddable":true,"href":"https:\/\/www.metzavelo.fr\/index.php?rest_route=%2Fwp%2Fv2%2Fcategories&post=1516"},{"taxonomy":"post_tag","embeddable":true,"href":"https:\/\/www.metzavelo.fr\/index.php?rest_route=%2Fwp%2Fv2%2Ftags&post=1516"}],"curies":[{"name":"wp","href":"https:\/\/api.w.org\/{rel}","templated":true}]}}