{"id":1493,"date":"2020-11-03T11:13:00","date_gmt":"2020-11-03T10:13:00","guid":{"rendered":"https:\/\/www.metzavelo.fr\/?p=1493"},"modified":"2020-11-06T11:38:20","modified_gmt":"2020-11-06T10:38:20","slug":"confinement-la-maison-du-velo-reste-ouverte","status":"publish","type":"post","link":"https:\/\/www.metzavelo.fr\/?p=1493","title":{"rendered":"Confinement &#038;  Maison du V\u00e9lo"},"content":{"rendered":"\n<p>La Maison du V\u00e9lo reste ouverte pendant le confinement pour les r\u00e9parations urgentes sur v\u00e9los utilis\u00e9s comme moyen de d\u00e9placement (hors usage loisir ou sport). <\/p>\n\n\n\n<p><br><strong>Horaires d&rsquo;hiver <\/strong><br>mercredi \/ jeudi \/ vendredi : 14h-18h<br>samedi : 9h-12h30 13h30-18h<\/p>\n\n\n\n<p><strong>Coup de Pouce<\/strong><br>Nous maintenons le \u00ab\u00a0<a href=\"https:\/\/coupdepoucevelo.fr\/auth\/home\" target=\"_blank\" rel=\"noreferrer noopener\">Coup de Pouce V\u00e9lo<\/a>\u00a0\u00bb de l&rsquo;Etat pendant la p\u00e9riode de confinement. <\/p>\n\n\n\n<p><br><\/p>\n\n\n\n<p><\/p>\n\n\n\n<p>Pour tout questionnement sur l&rsquo;usage du v\u00e9lo pendant le confinement, vous pouvez consulter la <a rel=\"noreferrer noopener\" href=\"http:\/\/www.fub.fr\/moi-velo\/faq-confinement\" target=\"_blank\">FAQ &#8211; Confinement <\/a>de la FUB<br><br><br><\/p>\n","protected":false},"excerpt":{"rendered":"<p>La Maison du V\u00e9lo reste ouverte pendant le confinement pour les r\u00e9parations urgentes sur v\u00e9los utilis\u00e9s comme moyen de d\u00e9placement (hors usage loisir ou sport). Horaires d&rsquo;hiver mercredi \/ jeudi \/ vendredi : 14h-18hsamedi : 9h-12h30 13h30-18h Coup de PouceNous maintenons le \u00ab\u00a0Coup de Pouce V\u00e9lo\u00a0\u00bb de l&rsquo;Etat pendant la p\u00e9riode de confinement. Pour tout [&hellip;]<\/p>\n","protected":false},"author":4,"featured_media":1501,"comment_status":"closed","ping_status":"closed","sticky":false,"template":"","format":"standard","meta":{"footnotes":""},"categories":[8],"tags":[],"class_list":["post-1493","post","type-post","status-publish","format-standard","has-post-thumbnail","hentry","category-maison-du-velo"],"_links":{"self":[{"href":"https:\/\/www.metzavelo.fr\/index.php?rest_route=\/wp\/v2\/posts\/1493","targetHints":{"allow":["GET"]}}],"collection":[{"href":"https:\/\/www.metzavelo.fr\/index.php?rest_route=\/wp\/v2\/posts"}],"about":[{"href":"https:\/\/www.metzavelo.fr\/index.php?rest_route=\/wp\/v2\/types\/post"}],"author":[{"embeddable":true,"href":"https:\/\/www.metzavelo.fr\/index.php?rest_route=\/wp\/v2\/users\/4"}],"replies":[{"embeddable":true,"href":"https:\/\/www.metzavelo.fr\/index.php?rest_route=%2Fwp%2Fv2%2Fcomments&post=1493"}],"version-history":[{"count":7,"href":"https:\/\/www.metzavelo.fr\/index.php?rest_route=\/wp\/v2\/posts\/1493\/revisions"}],"predecessor-version":[{"id":1515,"href":"https:\/\/www.metzavelo.fr\/index.php?rest_route=\/wp\/v2\/posts\/1493\/revisions\/1515"}],"wp:featuredmedia":[{"embeddable":true,"href":"https:\/\/www.metzavelo.fr\/index.php?rest_route=\/wp\/v2\/media\/1501"}],"wp:attachment":[{"href":"https:\/\/www.metzavelo.fr\/index.php?rest_route=%2Fwp%2Fv2%2Fmedia&parent=1493"}],"wp:term":[{"taxonomy":"category","embeddable":true,"href":"https:\/\/www.metzavelo.fr\/index.php?rest_route=%2Fwp%2Fv2%2Fcategories&post=1493"},{"taxonomy":"post_tag","embeddable":true,"href":"https:\/\/www.metzavelo.fr\/index.php?rest_route=%2Fwp%2Fv2%2Ftags&post=1493"}],"curies":[{"name":"wp","href":"https:\/\/api.w.org\/{rel}","templated":true}]}}