{"id":1381,"date":"2020-09-14T12:04:00","date_gmt":"2020-09-14T10:04:00","guid":{"rendered":"https:\/\/www.metzavelo.fr\/?p=1381"},"modified":"2020-12-25T09:13:12","modified_gmt":"2020-12-25T08:13:12","slug":"demenagement-de-la-maison-du-velo","status":"publish","type":"post","link":"https:\/\/www.metzavelo.fr\/?p=1381","title":{"rendered":"D\u00e9m\u00e9nagement de la Maison du V\u00e9lo"},"content":{"rendered":"\t\t<div data-elementor-type=\"wp-post\" data-elementor-id=\"1381\" class=\"elementor elementor-1381\" data-elementor-post-type=\"post\">\n\t\t\t\t\t\t<section class=\"elementor-section elementor-top-section elementor-element elementor-element-22688b9a elementor-section-boxed elementor-section-height-default elementor-section-height-default\" data-id=\"22688b9a\" data-element_type=\"section\" data-e-type=\"section\">\n\t\t\t\t\t\t<div class=\"elementor-container elementor-column-gap-default\">\n\t\t\t\t\t<div class=\"elementor-column elementor-col-100 elementor-top-column elementor-element elementor-element-19e83496\" data-id=\"19e83496\" data-element_type=\"column\" data-e-type=\"column\">\n\t\t\t<div class=\"elementor-widget-wrap elementor-element-populated\">\n\t\t\t\t\t\t<div class=\"elementor-element elementor-element-970ed3b elementor-widget elementor-widget-image\" data-id=\"970ed3b\" data-element_type=\"widget\" data-e-type=\"widget\" data-widget_type=\"image.default\">\n\t\t\t\t<div class=\"elementor-widget-container\">\n\t\t\t\t\t\t\t\t\t\t\t\t\t\t\t<img fetchpriority=\"high\" decoding=\"async\" width=\"768\" height=\"1024\" src=\"https:\/\/www.metzavelo.fr\/wp-content\/uploads\/2020\/09\/119055183_795993931231214_6276911076322274697_n-768x1024.jpg\" class=\"attachment-large size-large wp-image-1382\" alt=\"\" srcset=\"https:\/\/www.metzavelo.fr\/wp-content\/uploads\/2020\/09\/119055183_795993931231214_6276911076322274697_n-768x1024.jpg 768w, https:\/\/www.metzavelo.fr\/wp-content\/uploads\/2020\/09\/119055183_795993931231214_6276911076322274697_n-225x300.jpg 225w, https:\/\/www.metzavelo.fr\/wp-content\/uploads\/2020\/09\/119055183_795993931231214_6276911076322274697_n-1152x1536.jpg 1152w, https:\/\/www.metzavelo.fr\/wp-content\/uploads\/2020\/09\/119055183_795993931231214_6276911076322274697_n.jpg 1536w\" sizes=\"(max-width: 768px) 100vw, 768px\" \/>\t\t\t\t\t\t\t\t\t\t\t\t\t\t\t<\/div>\n\t\t\t\t<\/div>\n\t\t\t\t<div class=\"elementor-element elementor-element-609ce3b elementor-widget elementor-widget-text-editor\" data-id=\"609ce3b\" data-element_type=\"widget\" data-e-type=\"widget\" data-widget_type=\"text-editor.default\">\n\t\t\t\t<div class=\"elementor-widget-container\">\n\t\t\t\t\t\t\t\t\t<p><\/p>\n<p>Samedi 19 septembre, c&rsquo;est le grand d\u00e9m\u00e9nagement pour la Maison du V\u00e9lo ! <b><br \/><\/b><br \/>La Maison du V\u00e9lo sera ferm\u00e9e du 19 au 29 septembre, le temps de s&rsquo;installer dans ses nouveaux locaux, au <a href=\"https:\/\/www.google.com\/search?client=firefox-b-d&amp;q=3+avenue+leclerc+de+hauteclocque+metz\" target=\"_blank\" rel=\"noopener\">3 avenue Leclerc de Hauteclocque<\/a> \u00e0 Metz. <br \/><br \/><\/p>\n<p><\/p>\n<p><\/p>\n<p>On vous accueille d\u00e8s le mercredi 30 septembre,\u00a0 \u00e0 700 m\u00e8tres de la gare\u00a0 :\u00a0<\/p>\n<p><\/p>\n<p><\/p>\n<p>&#8211; 6 postes de travail \u00e0 l&rsquo;atelier<\/p>\n<p>&#8211; espace accueil\/ informations d\u00e9di\u00e9<br \/>&#8211; plus de 500m2 d&rsquo;espace en sous sol (stockage, animations, &#8230;)<br \/><br \/>Nous sommes \u00e0 la recherche de meubles pour am\u00e9nager nos nouveaux locaux (\u00e9tag\u00e8res, armoires, &#8230;)<br \/><br \/><\/p>\n<p><\/p>\n<p><\/p>\n<p><strong>\u00a0<\/strong><\/p>\n<p><\/p>\t\t\t\t\t\t\t\t<\/div>\n\t\t\t\t<\/div>\n\t\t\t\t\t<\/div>\n\t\t<\/div>\n\t\t\t\t\t<\/div>\n\t\t<\/section>\n\t\t\t\t<\/div>\n\t\t","protected":false},"excerpt":{"rendered":"<p>Samedi 19 septembre, c&rsquo;est le grand d\u00e9m\u00e9nagement pour la Maison du V\u00e9lo ! La Maison du V\u00e9lo sera ferm\u00e9e du 19 au 29 septembre, le temps de s&rsquo;installer dans ses nouveaux locaux, au 3 avenue Leclerc de Hauteclocque \u00e0 Metz. On vous accueille d\u00e8s le mercredi 30 septembre,\u00a0 \u00e0 700 m\u00e8tres de la gare\u00a0 :\u00a0 [&hellip;]<\/p>\n","protected":false},"author":4,"featured_media":1382,"comment_status":"closed","ping_status":"closed","sticky":false,"template":"","format":"standard","meta":{"footnotes":""},"categories":[8],"tags":[],"class_list":["post-1381","post","type-post","status-publish","format-standard","has-post-thumbnail","hentry","category-maison-du-velo"],"_links":{"self":[{"href":"https:\/\/www.metzavelo.fr\/index.php?rest_route=\/wp\/v2\/posts\/1381","targetHints":{"allow":["GET"]}}],"collection":[{"href":"https:\/\/www.metzavelo.fr\/index.php?rest_route=\/wp\/v2\/posts"}],"about":[{"href":"https:\/\/www.metzavelo.fr\/index.php?rest_route=\/wp\/v2\/types\/post"}],"author":[{"embeddable":true,"href":"https:\/\/www.metzavelo.fr\/index.php?rest_route=\/wp\/v2\/users\/4"}],"replies":[{"embeddable":true,"href":"https:\/\/www.metzavelo.fr\/index.php?rest_route=%2Fwp%2Fv2%2Fcomments&post=1381"}],"version-history":[{"count":8,"href":"https:\/\/www.metzavelo.fr\/index.php?rest_route=\/wp\/v2\/posts\/1381\/revisions"}],"predecessor-version":[{"id":1662,"href":"https:\/\/www.metzavelo.fr\/index.php?rest_route=\/wp\/v2\/posts\/1381\/revisions\/1662"}],"wp:featuredmedia":[{"embeddable":true,"href":"https:\/\/www.metzavelo.fr\/index.php?rest_route=\/wp\/v2\/media\/1382"}],"wp:attachment":[{"href":"https:\/\/www.metzavelo.fr\/index.php?rest_route=%2Fwp%2Fv2%2Fmedia&parent=1381"}],"wp:term":[{"taxonomy":"category","embeddable":true,"href":"https:\/\/www.metzavelo.fr\/index.php?rest_route=%2Fwp%2Fv2%2Fcategories&post=1381"},{"taxonomy":"post_tag","embeddable":true,"href":"https:\/\/www.metzavelo.fr\/index.php?rest_route=%2Fwp%2Fv2%2Ftags&post=1381"}],"curies":[{"name":"wp","href":"https:\/\/api.w.org\/{rel}","templated":true}]}}