{"id":1370,"date":"2020-09-11T09:21:00","date_gmt":"2020-09-11T07:21:00","guid":{"rendered":"https:\/\/www.metzavelo.fr\/?p=1370"},"modified":"2020-09-21T15:13:57","modified_gmt":"2020-09-21T13:13:57","slug":"semaine-de-la-mobilite","status":"publish","type":"post","link":"https:\/\/www.metzavelo.fr\/?p=1370","title":{"rendered":"Semaine de la Mobilit\u00e9"},"content":{"rendered":"\t\t<div data-elementor-type=\"wp-post\" data-elementor-id=\"1370\" class=\"elementor elementor-1370\" data-elementor-post-type=\"post\">\n\t\t\t\t\t\t<section class=\"elementor-section elementor-top-section elementor-element elementor-element-7dce8b14 elementor-section-boxed elementor-section-height-default elementor-section-height-default\" data-id=\"7dce8b14\" data-element_type=\"section\" data-e-type=\"section\">\n\t\t\t\t\t\t<div class=\"elementor-container elementor-column-gap-default\">\n\t\t\t\t\t<div class=\"elementor-column elementor-col-100 elementor-top-column elementor-element elementor-element-61fa8985\" data-id=\"61fa8985\" data-element_type=\"column\" data-e-type=\"column\">\n\t\t\t<div class=\"elementor-widget-wrap elementor-element-populated\">\n\t\t\t\t\t\t<div class=\"elementor-element elementor-element-cd0ca07 elementor-widget elementor-widget-image\" data-id=\"cd0ca07\" data-element_type=\"widget\" data-e-type=\"widget\" data-widget_type=\"image.default\">\n\t\t\t\t<div class=\"elementor-widget-container\">\n\t\t\t\t\t\t\t\t\t\t\t\t\t\t\t<img fetchpriority=\"high\" decoding=\"async\" width=\"724\" height=\"1024\" src=\"https:\/\/www.metzavelo.fr\/wp-content\/uploads\/2020\/09\/27157-724x1024.jpg\" class=\"attachment-large size-large wp-image-1374\" alt=\"\" srcset=\"https:\/\/www.metzavelo.fr\/wp-content\/uploads\/2020\/09\/27157-724x1024.jpg 724w, https:\/\/www.metzavelo.fr\/wp-content\/uploads\/2020\/09\/27157-212x300.jpg 212w, https:\/\/www.metzavelo.fr\/wp-content\/uploads\/2020\/09\/27157-768x1086.jpg 768w, https:\/\/www.metzavelo.fr\/wp-content\/uploads\/2020\/09\/27157-1086x1536.jpg 1086w, https:\/\/www.metzavelo.fr\/wp-content\/uploads\/2020\/09\/27157.jpg 1211w\" sizes=\"(max-width: 724px) 100vw, 724px\" \/>\t\t\t\t\t\t\t\t\t\t\t\t\t\t\t<\/div>\n\t\t\t\t<\/div>\n\t\t\t\t<div class=\"elementor-element elementor-element-7f6ca6ce elementor-widget elementor-widget-text-editor\" data-id=\"7f6ca6ce\" data-element_type=\"widget\" data-e-type=\"widget\" data-widget_type=\"text-editor.default\">\n\t\t\t\t<div class=\"elementor-widget-container\">\n\t\t\t\t\t\t\t\t\t<p><\/p>\n<p>L&rsquo;association Metz \u00e0 V\u00e9lo propose de nombreuses animations dans le cadre de la Semaine Europ\u00e9enne de la Mobilit\u00e9, du 16 au 22 septembre 2020.<\/p>\n<p><\/p>\n<p><\/p>\n<h4 class=\"wp-block-heading\">Lundi 14 au dimanche 27 septembre<\/h4>\n<p><\/p>\n<p><\/p>\n<h3 class=\"wp-block-heading\">D\u00e9fi \u00a0\u00bb J&rsquo;y vais\u00a0\u00bb<\/h3>\n<p><\/p>\n<p><\/p>\n<p>Organis\u00e9 par Metz \u00e0 V\u00e9lo, en partenariat avec Metz M\u00e9tropole<\/p>\n<p><\/p>\n<p><\/p>\n<p>Le d\u00e9fi \u00ab Au boulot, j\u2019y vais \u00e0 v\u00e9lo ! \u00bb invite les habitants de Metz M\u00e9tropole \u00e0 se rendre sur leur lieu de travail \u00e0 v\u00e9lo pendant la p\u00e9riode du 14 au 27 septembre 2020, pour inciter au changement de comportement sur le long terme et pr\u00e9server l&rsquo;environnement !<\/p>\n<p><\/p>\n<p><\/p>\n<p>Chaque entreprise, \u00e9tablissement ou \u00e9quipe souhaitant participer au d\u00e9fi peut s&rsquo;inscrire sur le site Internet :\u00a0<a href=\"https:\/\/defi-jyvais.fr\/\" target=\"_blank\" rel=\"noreferrer noopener\">defi-jyvais.fr<\/a><\/p>\n<p><\/p>\n<p><\/p>\n<h4 class=\"wp-block-heading\">Mercredi 16 septembre de 17h \u00e0 19h<\/h4>\n<p><\/p>\n<p><\/p>\n<h3 class=\"wp-block-heading\">Perm des Cyclettes\u00a0<\/h3>\n<p><\/p>\n<p><\/p>\n<p>Afterwork r\u00e9paration, organis\u00e9 par et pour les femmes, \u00e0 la Maison du V\u00e9lo.<\/p>\n<p><\/p>\n<p><\/p>\n<p>Moment convivial pour apprendre \u00e0 r\u00e9parer son v\u00e9lo, s&rsquo;initier aux outils et \u00e0 la m\u00e9canique.<\/p>\n<p><\/p>\n<p><\/p>\n<h4 class=\"wp-block-heading\">Mercredi 16 septembre &#8211; 19h<\/h4>\n<p><\/p>\n<p><\/p>\n<h3 class=\"wp-block-heading\">Balades exp\u00e9rimentales\u00a0<\/h3>\n<p><\/p>\n<p><\/p>\n<p>Balade d\u00e9couverte des pistes cyclables exp\u00e9rimentales, \u00e0 19h au d\u00e9part de la Maison du V\u00e9lo<\/p>\n<p><\/p>\n<p><\/p>\n<p><a href=\"https:\/\/www.metzavelo.fr\/balade-decouverte-des-pistes-cyclables-experimentales\/\" target=\"_blank\" rel=\"noreferrer noopener\">Infos et inscriptions<\/a><\/p>\n<p><\/p>\n<p><\/p>\n<h4 class=\"wp-block-heading\">Samedi 19 et dimanche 20 septembre<\/h4>\n<p><\/p>\n<p><\/p>\n<h3 class=\"wp-block-heading\">P\u00e9dalons vers l&rsquo;histoire<\/h3>\n<p><\/p>\n<p><\/p>\n<p>Visite guid\u00e9e de 4 sites patrimoniaux \u00e0 v\u00e9lo (H\u00f4tel de Ville, Porte des Allemands, Basilique St Vincent et les remparts), organis\u00e9e par l&rsquo;association Metz \u00e0 v\u00e9lo, le p\u00f4le Mobilit\u00e9-transport de Metz M\u00e9tropole et le service Patrimoine culturel de la Ville de Metz\u00a0<\/p>\n<p><\/p>\n<p><\/p>\n<p>D\u00e9part place d&rsquo;Armes &#8211; samedi \u00e0 15h &#8211; dimanche \u00e0 10h (dur\u00e9e 2 heures)<\/p>\n<p><\/p>\n<p><\/p>\n<p>\u00c9v\u00e9nement r\u00e9serv\u00e9 aux adultes, <a href=\"https:\/\/demarches.services.metzmetropole.fr\/ville-de-metz\/s-inscrire-a-un-evenement-des-journees-europeennes-du-patrimoine\/\" target=\"_blank\" rel=\"noreferrer noopener\">sur inscription<\/a><\/p>\n<p><br \/><br \/><\/p>\n<p><strong>Retrouvez le programme complet de la <\/strong><a href=\"https:\/\/www.metzmetropole.fr\/a-la-une\/semaine-europeenne-de-la-mobilite-du-16-au-22-septembre-1944.html\" target=\"_blank\" rel=\"noopener\"><strong>Semaine de la Mobilit\u00e9<\/strong><\/a><\/p>\n<p><\/p>\t\t\t\t\t\t\t\t<\/div>\n\t\t\t\t<\/div>\n\t\t\t\t\t<\/div>\n\t\t<\/div>\n\t\t\t\t\t<\/div>\n\t\t<\/section>\n\t\t\t\t<\/div>\n\t\t","protected":false},"excerpt":{"rendered":"<p>L&rsquo;association Metz \u00e0 V\u00e9lo propose de nombreuses animations dans le cadre de la Semaine Europ\u00e9enne de la Mobilit\u00e9, du 16 au 22 septembre 2020. Lundi 14 au dimanche 27 septembre D\u00e9fi \u00a0\u00bb J&rsquo;y vais\u00a0\u00bb Organis\u00e9 par Metz \u00e0 V\u00e9lo, en partenariat avec Metz M\u00e9tropole Le d\u00e9fi \u00ab Au boulot, j\u2019y vais \u00e0 v\u00e9lo ! \u00bb [&hellip;]<\/p>\n","protected":false},"author":4,"featured_media":1374,"comment_status":"closed","ping_status":"closed","sticky":false,"template":"","format":"standard","meta":{"footnotes":""},"categories":[8,10],"tags":[],"class_list":["post-1370","post","type-post","status-publish","format-standard","has-post-thumbnail","hentry","category-maison-du-velo","category-velo-a-metz"],"_links":{"self":[{"href":"https:\/\/www.metzavelo.fr\/index.php?rest_route=\/wp\/v2\/posts\/1370","targetHints":{"allow":["GET"]}}],"collection":[{"href":"https:\/\/www.metzavelo.fr\/index.php?rest_route=\/wp\/v2\/posts"}],"about":[{"href":"https:\/\/www.metzavelo.fr\/index.php?rest_route=\/wp\/v2\/types\/post"}],"author":[{"embeddable":true,"href":"https:\/\/www.metzavelo.fr\/index.php?rest_route=\/wp\/v2\/users\/4"}],"replies":[{"embeddable":true,"href":"https:\/\/www.metzavelo.fr\/index.php?rest_route=%2Fwp%2Fv2%2Fcomments&post=1370"}],"version-history":[{"count":9,"href":"https:\/\/www.metzavelo.fr\/index.php?rest_route=\/wp\/v2\/posts\/1370\/revisions"}],"predecessor-version":[{"id":1412,"href":"https:\/\/www.metzavelo.fr\/index.php?rest_route=\/wp\/v2\/posts\/1370\/revisions\/1412"}],"wp:featuredmedia":[{"embeddable":true,"href":"https:\/\/www.metzavelo.fr\/index.php?rest_route=\/wp\/v2\/media\/1374"}],"wp:attachment":[{"href":"https:\/\/www.metzavelo.fr\/index.php?rest_route=%2Fwp%2Fv2%2Fmedia&parent=1370"}],"wp:term":[{"taxonomy":"category","embeddable":true,"href":"https:\/\/www.metzavelo.fr\/index.php?rest_route=%2Fwp%2Fv2%2Fcategories&post=1370"},{"taxonomy":"post_tag","embeddable":true,"href":"https:\/\/www.metzavelo.fr\/index.php?rest_route=%2Fwp%2Fv2%2Ftags&post=1370"}],"curies":[{"name":"wp","href":"https:\/\/api.w.org\/{rel}","templated":true}]}}