{"id":1363,"date":"2020-09-09T11:19:05","date_gmt":"2020-09-09T09:19:05","guid":{"rendered":"https:\/\/www.metzavelo.fr\/?p=1363"},"modified":"2020-09-09T11:53:55","modified_gmt":"2020-09-09T09:53:55","slug":"balade-decouverte-des-pistes-cyclables-experimentales","status":"publish","type":"post","link":"https:\/\/www.metzavelo.fr\/?p=1363","title":{"rendered":"Balade \u00ab\u00a0d\u00e9couverte des pistes cyclables exp\u00e9rimentales\u00a0\u00bb"},"content":{"rendered":"\t\t<div data-elementor-type=\"wp-post\" data-elementor-id=\"1363\" class=\"elementor elementor-1363\" data-elementor-post-type=\"post\">\n\t\t\t\t\t\t<section class=\"elementor-section elementor-top-section elementor-element elementor-element-1d043e5e elementor-section-boxed elementor-section-height-default elementor-section-height-default\" data-id=\"1d043e5e\" data-element_type=\"section\" data-e-type=\"section\">\n\t\t\t\t\t\t<div class=\"elementor-container elementor-column-gap-default\">\n\t\t\t\t\t<div class=\"elementor-column elementor-col-100 elementor-top-column elementor-element elementor-element-6a6df8f7\" data-id=\"6a6df8f7\" data-element_type=\"column\" data-e-type=\"column\">\n\t\t\t<div class=\"elementor-widget-wrap elementor-element-populated\">\n\t\t\t\t\t\t<div class=\"elementor-element elementor-element-2bf58db2 elementor-widget elementor-widget-text-editor\" data-id=\"2bf58db2\" data-element_type=\"widget\" data-e-type=\"widget\" data-widget_type=\"text-editor.default\">\n\t\t\t\t<div class=\"elementor-widget-container\">\n\t\t\t\t\t\t\t\t\t\n<p><strong>Mercredi 16 septembre <\/strong><br \/>Partez \u00e0 la d\u00e9couverte des pistes cyclables exp\u00e9rimentales, \u00e0 19h au d\u00e9part de la Maison du V\u00e9lo. Edmond vous pr\u00e9sentera tout au long de la balade les nouveaux am\u00e9nagements mis en place par Metz M\u00e9tropole . <br \/><br \/>Rendez-vous \u00e0 18h45 au 10 rue de la Basse Seille \u00e0 Metz, avec votre v\u00e9lo. <br \/><br \/><a href=\"https:\/\/docs.google.com\/forms\/d\/e\/1FAIpQLSdMDI1DhDWfTqwyElUBWzDf-nk-JNNGDq806KUWblKZ67WQmQ\/viewform\" target=\"_blank\" rel=\"noreferrer noopener\">Inscription<\/a> pr\u00e9alable obligatoire<br \/><br \/>Retrouvez plus d&rsquo;informations sur les derniers am\u00e9nagements des <a href=\"https:\/\/www.metzavelo.fr\/pistes-cyclables-experimentales-version-2\/\">pistes cyclables exp\u00e9rimentales.<\/a><br \/><br \/><\/p>\n\n<p>\u00c9v\u00e9nement organis\u00e9 par Metz \u00e0 V\u00e9lo, dans le cadre de la <a href=\"https:\/\/www.metzmetropole.fr\/a-la-une\/semaine-europeenne-de-la-mobilite-du-16-au-22-septembre-1944.html\" target=\"_blank\" rel=\"noreferrer noopener\">Semaine de la Mobilit\u00e9<\/a><\/p>\n\t\t\t\t\t\t\t\t<\/div>\n\t\t\t\t<\/div>\n\t\t\t\t<div class=\"elementor-element elementor-element-5196731 elementor-widget elementor-widget-image\" data-id=\"5196731\" data-element_type=\"widget\" data-e-type=\"widget\" data-widget_type=\"image.default\">\n\t\t\t\t<div class=\"elementor-widget-container\">\n\t\t\t\t\t\t\t\t\t\t\t\t\t\t\t<img fetchpriority=\"high\" decoding=\"async\" width=\"800\" height=\"533\" src=\"https:\/\/www.metzavelo.fr\/wp-content\/uploads\/2020\/06\/DSC04318-1024x682.jpg\" class=\"attachment-large size-large wp-image-1105\" alt=\"\" srcset=\"https:\/\/www.metzavelo.fr\/wp-content\/uploads\/2020\/06\/DSC04318-1024x682.jpg 1024w, https:\/\/www.metzavelo.fr\/wp-content\/uploads\/2020\/06\/DSC04318-300x200.jpg 300w, https:\/\/www.metzavelo.fr\/wp-content\/uploads\/2020\/06\/DSC04318-768x512.jpg 768w, https:\/\/www.metzavelo.fr\/wp-content\/uploads\/2020\/06\/DSC04318-1536x1023.jpg 1536w, https:\/\/www.metzavelo.fr\/wp-content\/uploads\/2020\/06\/DSC04318-2048x1365.jpg 2048w, https:\/\/www.metzavelo.fr\/wp-content\/uploads\/2020\/06\/DSC04318-750x500.jpg 750w\" sizes=\"(max-width: 800px) 100vw, 800px\" \/>\t\t\t\t\t\t\t\t\t\t\t\t\t\t\t<\/div>\n\t\t\t\t<\/div>\n\t\t\t\t\t<\/div>\n\t\t<\/div>\n\t\t\t\t\t<\/div>\n\t\t<\/section>\n\t\t\t\t<\/div>\n\t\t","protected":false},"excerpt":{"rendered":"<p>Mercredi 16 septembre Partez \u00e0 la d\u00e9couverte des pistes cyclables exp\u00e9rimentales, \u00e0 19h au d\u00e9part de la Maison du V\u00e9lo. Edmond vous pr\u00e9sentera tout au long de la balade les nouveaux am\u00e9nagements mis en place par Metz M\u00e9tropole . Rendez-vous \u00e0 18h45 au 10 rue de la Basse Seille \u00e0 Metz, avec votre v\u00e9lo. Inscription [&hellip;]<\/p>\n","protected":false},"author":4,"featured_media":1105,"comment_status":"closed","ping_status":"closed","sticky":false,"template":"","format":"standard","meta":{"footnotes":""},"categories":[9,7],"tags":[],"class_list":["post-1363","post","type-post","status-publish","format-standard","has-post-thumbnail","hentry","category-balades","category-infrastructures"],"_links":{"self":[{"href":"https:\/\/www.metzavelo.fr\/index.php?rest_route=\/wp\/v2\/posts\/1363","targetHints":{"allow":["GET"]}}],"collection":[{"href":"https:\/\/www.metzavelo.fr\/index.php?rest_route=\/wp\/v2\/posts"}],"about":[{"href":"https:\/\/www.metzavelo.fr\/index.php?rest_route=\/wp\/v2\/types\/post"}],"author":[{"embeddable":true,"href":"https:\/\/www.metzavelo.fr\/index.php?rest_route=\/wp\/v2\/users\/4"}],"replies":[{"embeddable":true,"href":"https:\/\/www.metzavelo.fr\/index.php?rest_route=%2Fwp%2Fv2%2Fcomments&post=1363"}],"version-history":[{"count":5,"href":"https:\/\/www.metzavelo.fr\/index.php?rest_route=\/wp\/v2\/posts\/1363\/revisions"}],"predecessor-version":[{"id":1369,"href":"https:\/\/www.metzavelo.fr\/index.php?rest_route=\/wp\/v2\/posts\/1363\/revisions\/1369"}],"wp:featuredmedia":[{"embeddable":true,"href":"https:\/\/www.metzavelo.fr\/index.php?rest_route=\/wp\/v2\/media\/1105"}],"wp:attachment":[{"href":"https:\/\/www.metzavelo.fr\/index.php?rest_route=%2Fwp%2Fv2%2Fmedia&parent=1363"}],"wp:term":[{"taxonomy":"category","embeddable":true,"href":"https:\/\/www.metzavelo.fr\/index.php?rest_route=%2Fwp%2Fv2%2Fcategories&post=1363"},{"taxonomy":"post_tag","embeddable":true,"href":"https:\/\/www.metzavelo.fr\/index.php?rest_route=%2Fwp%2Fv2%2Ftags&post=1363"}],"curies":[{"name":"wp","href":"https:\/\/api.w.org\/{rel}","templated":true}]}}