{"id":1289,"date":"2020-08-13T14:26:48","date_gmt":"2020-08-13T12:26:48","guid":{"rendered":"https:\/\/www.metzavelo.fr\/?p=1289"},"modified":"2020-09-16T09:08:43","modified_gmt":"2020-09-16T07:08:43","slug":"pistes-cyclables-experimentales-version-2","status":"publish","type":"post","link":"https:\/\/www.metzavelo.fr\/?p=1289","title":{"rendered":"Pistes cyclables exp\u00e9rimentales version 2"},"content":{"rendered":"\t\t<div data-elementor-type=\"wp-post\" data-elementor-id=\"1289\" class=\"elementor elementor-1289\" data-elementor-post-type=\"post\">\n\t\t\t\t\t\t<section class=\"elementor-section elementor-top-section elementor-element elementor-element-5feebf06 elementor-section-boxed elementor-section-height-default elementor-section-height-default\" data-id=\"5feebf06\" data-element_type=\"section\" data-e-type=\"section\">\n\t\t\t\t\t\t<div class=\"elementor-container elementor-column-gap-default\">\n\t\t\t\t\t<div class=\"elementor-column elementor-col-100 elementor-top-column elementor-element elementor-element-122ada7a\" data-id=\"122ada7a\" data-element_type=\"column\" data-e-type=\"column\">\n\t\t\t<div class=\"elementor-widget-wrap elementor-element-populated\">\n\t\t\t\t\t\t<div class=\"elementor-element elementor-element-ad45cb3 elementor-widget elementor-widget-text-editor\" data-id=\"ad45cb3\" data-element_type=\"widget\" data-e-type=\"widget\" data-widget_type=\"text-editor.default\">\n\t\t\t\t<div class=\"elementor-widget-container\">\n\t\t\t\t\t\t\t\t\t<p><\/p>\n<p>Retrouvez plus en d\u00e9tail les am\u00e9nagements mis en place lors de la fin du confinement dans notre pr\u00e9c\u00e9dent article <a href=\"https:\/\/www.metzavelo.fr\/pistes-cyclables-experimentales\/\" data-type=\"post\" data-id=\"1015\">Pistes cyclables exp\u00e9rimentales<\/a>, publi\u00e9 le 5 juin 2020.<\/p>\n<p><\/p>\n<p>\u00ab\u00a0Apr\u00e8s pr\u00e8s de 10 semaines de suivi et d&rsquo;\u00e9valuation quotidienne, Metz M\u00e9tropole et la Ville de Metz sont en mesure de tirer des premiers enseignements du d\u00e9ploiement de ces mesures.&nbsp;<\/p>\n<p><\/p>\n<p>Tout d&rsquo;abord, la majorit\u00e9 des am\u00e9nagements cyclables exp\u00e9rimentaux r\u00e9alis\u00e9s fonctionnent bien. Ils pourront \u00eatre conserv\u00e9s en l&rsquo;\u00e9tat jusqu&rsquo;\u00e0 la fin 2020 afin de poursuivre l&rsquo;exp\u00e9rimentation. Par ailleurs, la signal\u00e9tique des cheminements&nbsp; (notamment pour Pontiffroy, Paixhans et Foch) sera renforc\u00e9e durant l\u2019\u00e9t\u00e9 pour que ces itin\u00e9raires alternatifs soient bien visibles.&nbsp;Deux axes devront cependant \u00eatre revus d&rsquo;ici \u00e0 la rentr\u00e9e scolaire, \u00e0 savoir :<\/p>\n<p><\/p>\n<ul class=\"wp-block-list\">\n<li><strong>Avenue Foch :<\/strong> compte tenu des probl\u00e9matiques de s\u00e9curit\u00e9 et de circulation rencontr\u00e9es au droit de l&rsquo;am\u00e9nagement, et du succ\u00e8s relatif rencontr\u00e9 par cet am\u00e9nagement, Metz M\u00e9tropole privil\u00e9giera d\u00e8s le 24 d&rsquo;ao\u00fbt un itin\u00e9raire de substitution par la rue Fran\u00e7ois de Curel et la rue d&rsquo;Asfeld.\n<\/li>\n<li><strong>Boulevards Pontiffroy-Paixhans :<\/strong> compte tenu des difficult\u00e9s de circulation rencontr\u00e9es, des itin\u00e9raires de substitution via des rues apais\u00e9es \u00e0 la circulation seront propos\u00e9s aux cyclistes d&rsquo;ici \u00e0 la rentr\u00e9e scolaire (rue du g\u00e9n\u00e9ral Fournier et rue de la Caserne) en remplacement des voies de circulation neutralis\u00e9es sur les boulevards. La continuit\u00e9 cyclable sera maintenue entre la place du Pontiffroy et la porte des Allemands au travers d&rsquo;un am\u00e9nagement cyclable sur le pont des Grilles afin de conserver la possibilit\u00e9 de traverser la Moselle en toute s\u00e9curit\u00e9 pour les cyclistes, tout en r\u00e9tablissant des conditions normales de circulation.\u00a0\u00bb<\/li>\n<\/ul>\n<p><\/p>\n<p>Extrait du site internet <a href=\"https:\/\/metz.fr\/actus\/2020\/200804_encourager_le_cyclisme_suivi_des_mesures_de_la_metropole.php\" target=\"_blank\" rel=\"noreferrer noopener\">Metz.fr<\/a><\/p>\n<p><\/p>\n<p><\/p>\n<p>Metz \u00e0 V\u00e9lo proposera une balade \u00ab\u00a0D\u00e9couverte des pistes exp\u00e9rimentales\u00a0\u00bb au mois de septembre pour vous pr\u00e9senter les nouveaux am\u00e9nagements.<\/p>\n<p><\/p>\t\t\t\t\t\t\t\t<\/div>\n\t\t\t\t<\/div>\n\t\t\t\t\t<\/div>\n\t\t<\/div>\n\t\t\t\t\t<\/div>\n\t\t<\/section>\n\t\t\t\t<\/div>\n\t\t","protected":false},"excerpt":{"rendered":"<p>Retrouvez plus en d\u00e9tail les am\u00e9nagements mis en place lors de la fin du confinement dans notre pr\u00e9c\u00e9dent article Pistes cyclables exp\u00e9rimentales, publi\u00e9 le 5 juin 2020. \u00ab\u00a0Apr\u00e8s pr\u00e8s de 10 semaines de suivi et d&rsquo;\u00e9valuation quotidienne, Metz M\u00e9tropole et la Ville de Metz sont en mesure de tirer des premiers enseignements du d\u00e9ploiement de [&hellip;]<\/p>\n","protected":false},"author":4,"featured_media":997,"comment_status":"closed","ping_status":"closed","sticky":false,"template":"","format":"standard","meta":{"footnotes":""},"categories":[7],"tags":[],"class_list":["post-1289","post","type-post","status-publish","format-standard","has-post-thumbnail","hentry","category-infrastructures"],"_links":{"self":[{"href":"https:\/\/www.metzavelo.fr\/index.php?rest_route=\/wp\/v2\/posts\/1289","targetHints":{"allow":["GET"]}}],"collection":[{"href":"https:\/\/www.metzavelo.fr\/index.php?rest_route=\/wp\/v2\/posts"}],"about":[{"href":"https:\/\/www.metzavelo.fr\/index.php?rest_route=\/wp\/v2\/types\/post"}],"author":[{"embeddable":true,"href":"https:\/\/www.metzavelo.fr\/index.php?rest_route=\/wp\/v2\/users\/4"}],"replies":[{"embeddable":true,"href":"https:\/\/www.metzavelo.fr\/index.php?rest_route=%2Fwp%2Fv2%2Fcomments&post=1289"}],"version-history":[{"count":5,"href":"https:\/\/www.metzavelo.fr\/index.php?rest_route=\/wp\/v2\/posts\/1289\/revisions"}],"predecessor-version":[{"id":1393,"href":"https:\/\/www.metzavelo.fr\/index.php?rest_route=\/wp\/v2\/posts\/1289\/revisions\/1393"}],"wp:featuredmedia":[{"embeddable":true,"href":"https:\/\/www.metzavelo.fr\/index.php?rest_route=\/wp\/v2\/media\/997"}],"wp:attachment":[{"href":"https:\/\/www.metzavelo.fr\/index.php?rest_route=%2Fwp%2Fv2%2Fmedia&parent=1289"}],"wp:term":[{"taxonomy":"category","embeddable":true,"href":"https:\/\/www.metzavelo.fr\/index.php?rest_route=%2Fwp%2Fv2%2Fcategories&post=1289"},{"taxonomy":"post_tag","embeddable":true,"href":"https:\/\/www.metzavelo.fr\/index.php?rest_route=%2Fwp%2Fv2%2Ftags&post=1289"}],"curies":[{"name":"wp","href":"https:\/\/api.w.org\/{rel}","templated":true}]}}