{"id":1177,"date":"2020-09-15T12:38:00","date_gmt":"2020-09-15T10:38:00","guid":{"rendered":"https:\/\/www.metzavelo.fr\/?p=1177"},"modified":"2020-09-21T15:14:50","modified_gmt":"2020-09-21T13:14:50","slug":"defi-jy-vais","status":"publish","type":"post","link":"https:\/\/www.metzavelo.fr\/?p=1177","title":{"rendered":"D\u00e9fi \u00ab\u00a0J&rsquo;y vais!\u00a0\u00bb"},"content":{"rendered":"\t\t<div data-elementor-type=\"wp-post\" data-elementor-id=\"1177\" class=\"elementor elementor-1177\" data-elementor-post-type=\"post\">\n\t\t\t\t\t\t<section class=\"elementor-section elementor-top-section elementor-element elementor-element-10f2f0da elementor-section-boxed elementor-section-height-default elementor-section-height-default\" data-id=\"10f2f0da\" data-element_type=\"section\" data-e-type=\"section\">\n\t\t\t\t\t\t<div class=\"elementor-container elementor-column-gap-default\">\n\t\t\t\t\t<div class=\"elementor-column elementor-col-100 elementor-top-column elementor-element elementor-element-47ae4fa6\" data-id=\"47ae4fa6\" data-element_type=\"column\" data-e-type=\"column\">\n\t\t\t<div class=\"elementor-widget-wrap elementor-element-populated\">\n\t\t\t\t\t\t<div class=\"elementor-element elementor-element-2edc2498 elementor-widget elementor-widget-text-editor\" data-id=\"2edc2498\" data-element_type=\"widget\" data-e-type=\"widget\" data-widget_type=\"text-editor.default\">\n\t\t\t\t<div class=\"elementor-widget-container\">\n\t\t\t\t\t\t\t\t\t\n<figure class=\"wp-block-image size-large\"><img fetchpriority=\"high\" decoding=\"async\" width=\"1024\" height=\"722\" class=\"wp-image-1179\" src=\"https:\/\/www.metzavelo.fr\/wp-content\/uploads\/2020\/07\/Save-the-Date-Ve\u0301lo-30-04-20-1024x722.png\" alt=\"\" srcset=\"https:\/\/www.metzavelo.fr\/wp-content\/uploads\/2020\/07\/Save-the-Date-Ve\u0301lo-30-04-20-1024x722.png 1024w, https:\/\/www.metzavelo.fr\/wp-content\/uploads\/2020\/07\/Save-the-Date-Ve\u0301lo-30-04-20-300x211.png 300w, https:\/\/www.metzavelo.fr\/wp-content\/uploads\/2020\/07\/Save-the-Date-Ve\u0301lo-30-04-20-768x541.png 768w, https:\/\/www.metzavelo.fr\/wp-content\/uploads\/2020\/07\/Save-the-Date-Ve\u0301lo-30-04-20-1536x1082.png 1536w, https:\/\/www.metzavelo.fr\/wp-content\/uploads\/2020\/07\/Save-the-Date-Ve\u0301lo-30-04-20-2048x1443.png 2048w\" sizes=\"(max-width: 1024px) 100vw, 1024px\" \/><\/figure>\n\n<p>Cette ann\u00e9e, le d\u00e9fi \u00ab\u00a0Allons-y \u00e0 v\u00e9lo\u00a0\u00bb se renomme \u00ab\u00a0D\u00e9fi j&rsquo;y vais \u00e0 v\u00e9lo\u00a0\u00bb et aura lieu du 14 au 27 septembre 2020. L&rsquo;association Metz \u00e0 V\u00e9lo se charge de l&rsquo;organisation du d\u00e9fi sur le territoire de Metz M\u00e9tropole.<br \/><br \/><strong>Comment s\u2019inscrire ?<\/strong><br \/><br \/>Chaque entreprise, \u00e9tablissement, \u00e9quipe ou groupe souhaitant participer au D\u00e9fi \u00ab Au boulot, j\u2019y vais \u00e0 v\u00e9lo ! \u00bb doit s\u2019inscrire sur le site Internet du d\u00e9fi via un r\u00e9f\u00e9rent d\u00e9fi identifi\u00e9. Cette inscription se d\u00e9roule en deux \u00e9tapes :<\/p>\n\n<ul class=\"wp-block-list\">\n<li><strong>Le r\u00e9f\u00e9rent inscrit son \u00e9tablissement\/\u00e9quipe<\/strong> sur le <a href=\"https:\/\/defi-jyvais.fr\/les-defis\/defi-velo\/\" target=\"_blank\" rel=\"noreferrer noopener\">site du d\u00e9fi<\/a>:<br \/>Un \u00ab code \u00e9quipe \u00bb sera fourni au r\u00e9f\u00e9rent pour pouvoir enregistrer les participations quotidiennes.<\/li>\n<li><strong>Il transmet ce code \u00e0 tous les membres<\/strong> de son entreprise, \u00e9tablissement, \u00e9quipe ou groupe pour leur permettre de s\u2019inscrire en tant que participant.<\/li>\n<\/ul>\n\n<p class=\"has-luminous-vivid-amber-color has-text-color\"><br \/><strong>Les nouveaut\u00e9s 2020<\/strong><\/p>\n\n<ul class=\"wp-block-list\">\n<li>L\u2019\u00e9dition 2020 du d\u00e9fi est une \u00e9dition sp\u00e9ciale ! En effet, cette ann\u00e9e, <strong>le d\u00e9fi est \u00e9galement ouvert aux \u00e9quipes<\/strong> : amis, famille, voisinage, etc.<\/li>\n<li>Le volet solidaire du d\u00e9fi sera, cette ann\u00e9e, consacr\u00e9 au domaine de la sant\u00e9, les fonds r\u00e9colt\u00e9s seront revers\u00e9s en soutien au personnel m\u00e9dical.<\/li>\n<li>De nouveaux territoires ont rejoint le d\u00e9fi ! Cette ann\u00e9e, 24 territoires du Grand-Est sont partenaires.<\/li>\n<\/ul>\n\n<h4><strong><br \/>Plus de 2450\u20ac de lots \u00e0 gagner !<\/strong><\/h4>\n<ul>\n<li>12 bons d&rsquo;achats d&rsquo;une valeur de 100\u20ac \u00e0 600\u20ac \u00e0 utiliser chez nos partenaires (Culture V\u00e9lo, Loisibike et V\u00e9loland) et nombreux autres lots<\/li>\n<li>Tirage au sort parmi les participants = tout le monde peut gagner !<br \/><br \/><\/li>\n<\/ul>\n<p><img decoding=\"async\" class=\"alignnone size-medium wp-image-1360\" src=\"https:\/\/www.metzavelo.fr\/wp-content\/uploads\/2020\/09\/index.png\" alt=\"\" width=\"140\" height=\"81\" \/> \u00a0\u00a0 <img decoding=\"async\" class=\"alignnone  wp-image-1358\" src=\"https:\/\/www.metzavelo.fr\/wp-content\/uploads\/2020\/09\/loisibike-logo-1554303151-300x70.png\" alt=\"\" width=\"240\" height=\"56\" srcset=\"https:\/\/www.metzavelo.fr\/wp-content\/uploads\/2020\/09\/loisibike-logo-1554303151-300x70.png 300w, https:\/\/www.metzavelo.fr\/wp-content\/uploads\/2020\/09\/loisibike-logo-1554303151-476x112.png 476w, https:\/\/www.metzavelo.fr\/wp-content\/uploads\/2020\/09\/loisibike-logo-1554303151.png 479w\" sizes=\"(max-width: 240px) 100vw, 240px\" \/> \u00a0\u00a0\u00a0 <img loading=\"lazy\" decoding=\"async\" class=\"alignnone  wp-image-1359\" src=\"https:\/\/www.metzavelo.fr\/wp-content\/uploads\/2020\/09\/vloland-300x120.png\" alt=\"\" width=\"203\" height=\"81\" srcset=\"https:\/\/www.metzavelo.fr\/wp-content\/uploads\/2020\/09\/vloland-300x120.png 300w, https:\/\/www.metzavelo.fr\/wp-content\/uploads\/2020\/09\/vloland.png 355w\" sizes=\"(max-width: 203px) 100vw, 203px\" \/>\u00a0<\/p>\n\t\t\t\t\t\t\t\t<\/div>\n\t\t\t\t<\/div>\n\t\t\t\t\t<\/div>\n\t\t<\/div>\n\t\t\t\t\t<\/div>\n\t\t<\/section>\n\t\t\t\t<\/div>\n\t\t","protected":false},"excerpt":{"rendered":"<p>Cette ann\u00e9e, le d\u00e9fi \u00ab\u00a0Allons-y \u00e0 v\u00e9lo\u00a0\u00bb se renomme \u00ab\u00a0D\u00e9fi j&rsquo;y vais \u00e0 v\u00e9lo\u00a0\u00bb et aura lieu du 14 au 27 septembre 2020. L&rsquo;association Metz \u00e0 V\u00e9lo se charge de l&rsquo;organisation du d\u00e9fi sur le territoire de Metz M\u00e9tropole. Comment s\u2019inscrire ? Chaque entreprise, \u00e9tablissement, \u00e9quipe ou groupe souhaitant participer au D\u00e9fi \u00ab Au boulot, [&hellip;]<\/p>\n","protected":false},"author":4,"featured_media":1180,"comment_status":"closed","ping_status":"closed","sticky":true,"template":"","format":"standard","meta":{"footnotes":""},"categories":[8,10],"tags":[],"class_list":["post-1177","post","type-post","status-publish","format-standard","has-post-thumbnail","hentry","category-maison-du-velo","category-velo-a-metz"],"_links":{"self":[{"href":"https:\/\/www.metzavelo.fr\/index.php?rest_route=\/wp\/v2\/posts\/1177","targetHints":{"allow":["GET"]}}],"collection":[{"href":"https:\/\/www.metzavelo.fr\/index.php?rest_route=\/wp\/v2\/posts"}],"about":[{"href":"https:\/\/www.metzavelo.fr\/index.php?rest_route=\/wp\/v2\/types\/post"}],"author":[{"embeddable":true,"href":"https:\/\/www.metzavelo.fr\/index.php?rest_route=\/wp\/v2\/users\/4"}],"replies":[{"embeddable":true,"href":"https:\/\/www.metzavelo.fr\/index.php?rest_route=%2Fwp%2Fv2%2Fcomments&post=1177"}],"version-history":[{"count":8,"href":"https:\/\/www.metzavelo.fr\/index.php?rest_route=\/wp\/v2\/posts\/1177\/revisions"}],"predecessor-version":[{"id":1411,"href":"https:\/\/www.metzavelo.fr\/index.php?rest_route=\/wp\/v2\/posts\/1177\/revisions\/1411"}],"wp:featuredmedia":[{"embeddable":true,"href":"https:\/\/www.metzavelo.fr\/index.php?rest_route=\/wp\/v2\/media\/1180"}],"wp:attachment":[{"href":"https:\/\/www.metzavelo.fr\/index.php?rest_route=%2Fwp%2Fv2%2Fmedia&parent=1177"}],"wp:term":[{"taxonomy":"category","embeddable":true,"href":"https:\/\/www.metzavelo.fr\/index.php?rest_route=%2Fwp%2Fv2%2Fcategories&post=1177"},{"taxonomy":"post_tag","embeddable":true,"href":"https:\/\/www.metzavelo.fr\/index.php?rest_route=%2Fwp%2Fv2%2Ftags&post=1177"}],"curies":[{"name":"wp","href":"https:\/\/api.w.org\/{rel}","templated":true}]}}