{"id":1143,"date":"2020-06-25T10:55:54","date_gmt":"2020-06-25T08:55:54","guid":{"rendered":"https:\/\/www.metzavelo.fr\/?p=1143"},"modified":"2020-07-26T11:19:08","modified_gmt":"2020-07-26T09:19:08","slug":"votez-velo","status":"publish","type":"post","link":"https:\/\/www.metzavelo.fr\/?p=1143","title":{"rendered":"Votez v\u00e9lo !"},"content":{"rendered":"\n<figure class=\"wp-block-image size-large\"><img fetchpriority=\"high\" decoding=\"async\" width=\"568\" height=\"198\" src=\"https:\/\/www.metzavelo.fr\/wp-content\/uploads\/2020\/02\/v\u00e9lo-au-coeur-municpales-e1593075125105.jpg\" alt=\"\" class=\"wp-image-791\" srcset=\"https:\/\/www.metzavelo.fr\/wp-content\/uploads\/2020\/02\/v\u00e9lo-au-coeur-municpales-e1593075125105.jpg 568w, https:\/\/www.metzavelo.fr\/wp-content\/uploads\/2020\/02\/v\u00e9lo-au-coeur-municpales-e1593075125105-300x105.jpg 300w\" sizes=\"(max-width: 568px) 100vw, 568px\" \/><\/figure>\n\n\n\n<p>C&rsquo;est maintenant \u00e0 vous de choisir. <strong>Votre choix aura un impact sur les am\u00e9nagements en faveur des pi\u00e9tons et des cyclistes<\/strong> et donc sur les modes de d\u00e9placement de demain sur notre m\u00e9tropole. <br>De plus, de ces choix politiques en mati\u00e8re de mobilit\u00e9, d\u00e9couleront en partie notre s\u00e9curit\u00e9 dans l\u2019espace publique, la survie de nos commerces locaux, la sant\u00e9 des citoyens (pollution de l&rsquo;air, lutte contre la s\u00e9dentarit\u00e9) \u2026 et tout simplement le bien-vivre ensemble\u2026. \u00a0<\/p>\n\n\n\n<p><br>C&rsquo;est l&rsquo;heure de la synth\u00e8se :<br>Vous trouverez <a rel=\"noreferrer noopener\" href=\"https:\/\/mcusercontent.com\/e628c8c99f23ffa004cc1e2e7\/files\/96a43144-f7a1-4d5b-82b7-7982e6857779\/Matin\u00e9e_Parlons_V\u00e9lo_MetzAVelo.pdf\" target=\"_blank\">ci-joint le compte rendu des \u00e9changes de la matin\u00e9e \u00ab\u00a0Parlons V\u00e9lo\u00a0\u00bb <\/a>du 25 janvier et <a href=\"https:\/\/mcusercontent.com\/e628c8c99f23ffa004cc1e2e7\/files\/9e9d82dc-ed86-4e8e-8710-b049f08d6a5c\/synth\u00e8se_Municipales_Parlons_V\u00e9lo.pdf\">une synth\u00e8se des r\u00e9ponses sur nos propositions en ligne<\/a> r\u00e9dig\u00e9e \u00e0 partir des r\u00e9ponses des candidats sur le site <a rel=\"noreferrer noopener\" href=\"https:\/\/municipales2020.parlons-velo.fr\/\" target=\"_blank\">https:\/\/municipales2020.parlons-velo.fr\/.<\/a><\/p>\n\n\n\n<p><br>Metz \u00e0 V\u00e9lo ne donne aucune consigne de vote mais appelle les citoyens \u00e0 prendre connaissance des engagements des candidats avant d\u2019aller aux urnes le 28 juin.<\/p>\n\n\n\n<p><br><strong>Au-del\u00e0 des promesses des candidats, Metz \u00e0 V\u00e9lo souhaite cr\u00e9er le dialogue n\u00e9cessaire avec les collectivit\u00e9s (\u00e9lus et techniciens, villes et m\u00e9tropole) pour faire en sorte que d\u00e8s 2021, dans le prochain barom\u00e8tre national des villes cyclables, les villes de notre m\u00e9tropole progressent en terme de notes et de ressenti exprim\u00e9s par les cyclistes.<\/strong><\/p>\n","protected":false},"excerpt":{"rendered":"<p>C&rsquo;est maintenant \u00e0 vous de choisir. Votre choix aura un impact sur les am\u00e9nagements en faveur des pi\u00e9tons et des cyclistes et donc sur les modes de d\u00e9placement de demain sur notre m\u00e9tropole. De plus, de ces choix politiques en mati\u00e8re de mobilit\u00e9, d\u00e9couleront en partie notre s\u00e9curit\u00e9 dans l\u2019espace publique, la survie de nos [&hellip;]<\/p>\n","protected":false},"author":4,"featured_media":1104,"comment_status":"closed","ping_status":"closed","sticky":false,"template":"","format":"standard","meta":{"footnotes":""},"categories":[10],"tags":[],"class_list":["post-1143","post","type-post","status-publish","format-standard","has-post-thumbnail","hentry","category-velo-a-metz"],"_links":{"self":[{"href":"https:\/\/www.metzavelo.fr\/index.php?rest_route=\/wp\/v2\/posts\/1143","targetHints":{"allow":["GET"]}}],"collection":[{"href":"https:\/\/www.metzavelo.fr\/index.php?rest_route=\/wp\/v2\/posts"}],"about":[{"href":"https:\/\/www.metzavelo.fr\/index.php?rest_route=\/wp\/v2\/types\/post"}],"author":[{"embeddable":true,"href":"https:\/\/www.metzavelo.fr\/index.php?rest_route=\/wp\/v2\/users\/4"}],"replies":[{"embeddable":true,"href":"https:\/\/www.metzavelo.fr\/index.php?rest_route=%2Fwp%2Fv2%2Fcomments&post=1143"}],"version-history":[{"count":4,"href":"https:\/\/www.metzavelo.fr\/index.php?rest_route=\/wp\/v2\/posts\/1143\/revisions"}],"predecessor-version":[{"id":5043,"href":"https:\/\/www.metzavelo.fr\/index.php?rest_route=\/wp\/v2\/posts\/1143\/revisions\/5043"}],"wp:featuredmedia":[{"embeddable":true,"href":"https:\/\/www.metzavelo.fr\/index.php?rest_route=\/wp\/v2\/media\/1104"}],"wp:attachment":[{"href":"https:\/\/www.metzavelo.fr\/index.php?rest_route=%2Fwp%2Fv2%2Fmedia&parent=1143"}],"wp:term":[{"taxonomy":"category","embeddable":true,"href":"https:\/\/www.metzavelo.fr\/index.php?rest_route=%2Fwp%2Fv2%2Fcategories&post=1143"},{"taxonomy":"post_tag","embeddable":true,"href":"https:\/\/www.metzavelo.fr\/index.php?rest_route=%2Fwp%2Fv2%2Ftags&post=1143"}],"curies":[{"name":"wp","href":"https:\/\/api.w.org\/{rel}","templated":true}]}}